{"id":92,"date":"2007-11-01T13:33:07","date_gmt":"2007-11-01T12:33:07","guid":{"rendered":"http:\/\/fanrechtefonds.de\/blog\/?p=92"},"modified":"2016-08-24T13:34:18","modified_gmt":"2016-08-24T11:34:18","slug":"erfolgreiche-klage-gegen-stadionverbot","status":"publish","type":"post","link":"https:\/\/fanrechtefonds.de\/blog\/2007\/11\/01\/erfolgreiche-klage-gegen-stadionverbot\/","title":{"rendered":"Erfolgreiche Klage gegen Stadionverbot"},"content":{"rendered":"<h4>Erste unterst\u00fctzte Klage erfolgreich \/ 1. FC K\u00f6ln muss Stadionverbot aufheben<\/h4>\n<p>Der erste vom Fanrechtefonds unterst\u00fctzte Fu\u00dfballfan ist jetzt zu seinem Recht gekommen. Das Amtsgericht K\u00f6ln gab der Klage des Anh\u00e4ngers von Eintracht Frankfurt gegen den 1. FC K\u00f6ln statt. Der Verein hatte gegen den Fan im August 2006 ein bundesweites Stadionverbot bis zum 31.12.2009 ausgesprochen &#8211; zu Unrecht, wie das Amtsgericht K\u00f6ln nun festgestellt hat.<\/p>\n<p>Was dem Kl\u00e4ger widerfahren war, kann so jedem Fan an jedem Spieltag in jeder Stadt genauso geschehen: Zuerst besucht man vor dem Spiel noch eine Gastst\u00e4tte (hier: in der K\u00f6lner Altstadt). Dann entscheidet man sich einfach in einem ungl\u00fccklichen Moment zum Aufbruch ins Stadion, denn kurze Zeit sp\u00e4ter ist man sprichw\u00f6rtlich &#8222;zur falschen Zeit am falschen Ort&#8220;.<\/p>\n<p>F\u00fcr den vom Fanrechtefonds unterst\u00fctzten Kl\u00e4ger bedeutete dies: Er stie\u00df auf eine Polizeikette, die ihm das Weitergehen verwehrte. Aus der Polizeikette wurde pl\u00f6tzlich ein Polizeikessel, in dem nunmehr insgesamt 38 Eintrachtfans festgehalten wurden. Die Beamten erkl\u00e4ren den Fans, dass sie nun in Gewahrsam k\u00e4men, es bestehe der Verdacht, dass die Eingekesselten mit jener Gruppe identisch sei, die vorher p\u00f6belnd durch die Stra\u00dfen der Altstadt gezogen sein soll und Passanten verschreckt habe. Der sp\u00e4tere Kl\u00e4ger ist dar\u00fcber sehr erregt und ruft mit seinem Handy einen Freund an, mit dem er am Stadion verabredet war. Diesem schildert er, dass er nun doch nicht ins Stadion komme, sondern den Nachmittag auf einer Polizeiwache verbringen m\u00fcsse. Dabei benutzte er zur Beschreibung des Polizeieinsatzes und der ihn durchf\u00fchrenden Beamten Worte, die diese als Beleidigung auffassen mussten.<\/p>\n<p>Gegen alle 38 Personen aus dem Kessel wird eine Anzeige wegen Landfriedensbruchs gefertigt, gegen &#8222;unseren&#8220; Kl\u00e4ger eine weitere wegen Beleidigung. Der 1. FC K\u00f6ln erteilt allen 38 Personen ein bundesweites Stadionverbot bis zum 31.12.2009. Kurze Zeit sp\u00e4ter stellt die Staatsanwaltschaft K\u00f6ln das Verfahren wegen Landfriedensbruch gegen alle 38 Beschuldigten nach \u00a7 170 Abs. 2 StPO ein, weil es keinerlei Anhaltspunkte daf\u00fcr gibt, dass diese Personen vor ihrer Einkesselung Straftaten begangen hatten. Wegen der Beleidigung erh\u00e4lt der sp\u00e4tere Kl\u00e4ger zun\u00e4chst einen Strafbefehl, am Ende wird jedoch auch dieses Strafverfahren nach \u00a7 153 StPO eingestellt.<\/p>\n<p>W\u00e4hrend nach weiteren qu\u00e4lend langen Monaten der 1. FC K\u00f6ln die Stadionverbote gegen die \u00fcbrigen Eingekesselten aufhebt, bleibt man in einem Fall hart: Das Stadionverbot gegen den Kl\u00e4ger bleibt aufrecht erhalten, weil dieser sich ja schlie\u00dflich eine Beleidigung von Polizeibeamten zuschulden hat kommen lassen.<\/p>\n<p>Dass die einschl\u00e4gigen Stadionverbots-Richtlinien des DFB f\u00fcr eine blo\u00dfe Beleidigung von Polizeibeamten gerade kein Stadionverbot vorsieht, ficht den 1. FC K\u00f6ln nicht an. Da auch bundesweit vermehrt Stadionverbote allein aufgrund von Beamtenbeleidigungen festzustellen sind, erkennt der Fanrechtefonds hierin einen Grundsatzfall. Der Fonds unterst\u00fctzt die Klage auf Aufhebung des Stadionverbots.<\/p>\n<p>Das Gericht best\u00e4tigte nunmehr die Rechtsauffassung des Fanrechtefonds und des Kl\u00e4gers, wonach allein eine Beleidigung kein Grund f\u00fcr ein bundesweites Stadionverbot darstelle. Es handele sich dabei nicht um eine &#8222;schwere Straftat&#8220; nach den DFB-Richtlinien zur Vergabe von Stadionverboten. Auf das Verfahren wegen Landfriedensbruchs k\u00f6nne sich der FC schon deshalb nicht berufen, weil die zust\u00e4ndige Staatsanwaltschaft das Verfahren mangels Tatverdachtes eingestellt habe. Der 1. FC K\u00f6ln muss das Stadionverbot mit sofortiger Wirkung aufheben.<\/p>\n<p>Der Fanrechtefonds ist erfreut \u00fcber den Erfolg seiner ersten unterst\u00fctzten Klage. Endlich hat ein Fu\u00dfballfan vor Gericht Recht erhalten, endlich musste ein Fu\u00dfballverein erkennen, dass die willk\u00fcrliche Vergabe von Stadionverboten nach eigenem Gusto unrechtm\u00e4\u00dfig ist. Es ist zu hoffen, dass dieser Fall Signalwirkung f\u00fcr den deutschen Fu\u00dfball hat. Auch, wenn er sich \u00fcber einen viel zu langen Zeitraum hinzog und der Fan \u00fcber ein Jahr zu Unrecht von allen Spielen seiner Mannschaft ausgeschlossen war. Trotz dieses ersten Erfolges wird es noch ein langer Weg zu einem gerechten Umgang mit Stadionverboten sein. Denn das Ziel sollte vor allem ein Umdenken bei den Vereinen sein.<\/p>\n","protected":false},"excerpt":{"rendered":"<p>Erste unterst\u00fctzte Klage erfolgreich \/ 1. FC K\u00f6ln muss Stadionverbot aufheben Der erste vom Fanrechtefonds unterst\u00fctzte Fu\u00dfballfan ist jetzt zu seinem Recht gekommen. Das Amtsgericht K\u00f6ln gab der Klage des Anh\u00e4ngers von Eintracht Frankfurt gegen den 1. FC K\u00f6ln statt. &hellip; <a href=\"https:\/\/fanrechtefonds.de\/blog\/2007\/11\/01\/erfolgreiche-klage-gegen-stadionverbot\/\">Weiter<\/a><\/p>\n","protected":false},"author":1,"featured_media":0,"comment_status":"closed","ping_status":"closed","sticky":false,"template":"","format":"standard","meta":{"kt_blocks_editor_width":"","footnotes":""},"categories":[1,5,2],"tags":[],"class_list":["post-92","post","type-post","status-publish","format-standard","hentry","category-allgemein","category-faelle","category-pressemitteilung"],"yoast_head":"<!-- This site is optimized with the Yoast SEO plugin v27.5 - https:\/\/yoast.com\/product\/yoast-seo-wordpress\/ -->\n<title>Erfolgreiche Klage gegen Stadionverbot - Fanrechtefonds<\/title>\n<meta name=\"robots\" content=\"index, follow, max-snippet:-1, max-image-preview:large, max-video-preview:-1\" \/>\n<link rel=\"canonical\" href=\"https:\/\/fanrechtefonds.de\/blog\/2007\/11\/01\/erfolgreiche-klage-gegen-stadionverbot\/\" \/>\n<meta property=\"og:locale\" content=\"de_DE\" \/>\n<meta property=\"og:type\" content=\"article\" \/>\n<meta property=\"og:title\" content=\"Erfolgreiche Klage gegen Stadionverbot - Fanrechtefonds\" \/>\n<meta property=\"og:description\" content=\"Erste unterst\u00fctzte Klage erfolgreich \/ 1. FC K\u00f6ln muss Stadionverbot aufheben Der erste vom Fanrechtefonds unterst\u00fctzte Fu\u00dfballfan ist jetzt zu seinem Recht gekommen. Das Amtsgericht K\u00f6ln gab der Klage des Anh\u00e4ngers von Eintracht Frankfurt gegen den 1. FC K\u00f6ln statt. &hellip; Weiter\" \/>\n<meta property=\"og:url\" content=\"https:\/\/fanrechtefonds.de\/blog\/2007\/11\/01\/erfolgreiche-klage-gegen-stadionverbot\/\" \/>\n<meta property=\"og:site_name\" content=\"Fanrechtefonds\" \/>\n<meta property=\"article:published_time\" content=\"2007-11-01T12:33:07+00:00\" \/>\n<meta property=\"article:modified_time\" content=\"2016-08-24T11:34:18+00:00\" \/>\n<meta property=\"og:image\" content=\"https:\/\/fanrechtefonds.de\/blog\/wp-content\/uploads\/2021\/04\/Logo_200x200.png\" \/>\n\t<meta property=\"og:image:width\" content=\"400\" \/>\n\t<meta property=\"og:image:height\" content=\"400\" \/>\n\t<meta property=\"og:image:type\" content=\"image\/png\" \/>\n<meta name=\"author\" content=\"frf_admin\" \/>\n<meta name=\"twitter:card\" content=\"summary_large_image\" \/>\n<meta name=\"twitter:label1\" content=\"Verfasst von\" \/>\n\t<meta name=\"twitter:data1\" content=\"frf_admin\" \/>\n\t<meta name=\"twitter:label2\" content=\"Gesch\u00e4tzte Lesezeit\" \/>\n\t<meta name=\"twitter:data2\" content=\"3\u00a0Minuten\" \/>\n<script type=\"application\/ld+json\" class=\"yoast-schema-graph\">{\"@context\":\"https:\\\/\\\/schema.org\",\"@graph\":[{\"@type\":\"Article\",\"@id\":\"https:\\\/\\\/fanrechtefonds.de\\\/blog\\\/2007\\\/11\\\/01\\\/erfolgreiche-klage-gegen-stadionverbot\\\/#article\",\"isPartOf\":{\"@id\":\"https:\\\/\\\/fanrechtefonds.de\\\/blog\\\/2007\\\/11\\\/01\\\/erfolgreiche-klage-gegen-stadionverbot\\\/\"},\"author\":{\"name\":\"frf_admin\",\"@id\":\"https:\\\/\\\/fanrechtefonds.de\\\/blog\\\/#\\\/schema\\\/person\\\/91b6657ceb27de14698a8730cfdf5463\"},\"headline\":\"Erfolgreiche Klage gegen Stadionverbot\",\"datePublished\":\"2007-11-01T12:33:07+00:00\",\"dateModified\":\"2016-08-24T11:34:18+00:00\",\"mainEntityOfPage\":{\"@id\":\"https:\\\/\\\/fanrechtefonds.de\\\/blog\\\/2007\\\/11\\\/01\\\/erfolgreiche-klage-gegen-stadionverbot\\\/\"},\"wordCount\":659,\"articleSection\":{\"1\":\"F\u00e4lle\",\"2\":\"Pressemitteilung\"},\"inLanguage\":\"de\"},{\"@type\":\"WebPage\",\"@id\":\"https:\\\/\\\/fanrechtefonds.de\\\/blog\\\/2007\\\/11\\\/01\\\/erfolgreiche-klage-gegen-stadionverbot\\\/\",\"url\":\"https:\\\/\\\/fanrechtefonds.de\\\/blog\\\/2007\\\/11\\\/01\\\/erfolgreiche-klage-gegen-stadionverbot\\\/\",\"name\":\"Erfolgreiche Klage gegen Stadionverbot - Fanrechtefonds\",\"isPartOf\":{\"@id\":\"https:\\\/\\\/fanrechtefonds.de\\\/blog\\\/#website\"},\"datePublished\":\"2007-11-01T12:33:07+00:00\",\"dateModified\":\"2016-08-24T11:34:18+00:00\",\"author\":{\"@id\":\"https:\\\/\\\/fanrechtefonds.de\\\/blog\\\/#\\\/schema\\\/person\\\/91b6657ceb27de14698a8730cfdf5463\"},\"breadcrumb\":{\"@id\":\"https:\\\/\\\/fanrechtefonds.de\\\/blog\\\/2007\\\/11\\\/01\\\/erfolgreiche-klage-gegen-stadionverbot\\\/#breadcrumb\"},\"inLanguage\":\"de\",\"potentialAction\":[{\"@type\":\"ReadAction\",\"target\":[\"https:\\\/\\\/fanrechtefonds.de\\\/blog\\\/2007\\\/11\\\/01\\\/erfolgreiche-klage-gegen-stadionverbot\\\/\"]}]},{\"@type\":\"BreadcrumbList\",\"@id\":\"https:\\\/\\\/fanrechtefonds.de\\\/blog\\\/2007\\\/11\\\/01\\\/erfolgreiche-klage-gegen-stadionverbot\\\/#breadcrumb\",\"itemListElement\":[{\"@type\":\"ListItem\",\"position\":1,\"name\":\"Startseite\",\"item\":\"https:\\\/\\\/fanrechtefonds.de\\\/blog\\\/\"},{\"@type\":\"ListItem\",\"position\":2,\"name\":\"Erfolgreiche Klage gegen Stadionverbot\"}]},{\"@type\":\"WebSite\",\"@id\":\"https:\\\/\\\/fanrechtefonds.de\\\/blog\\\/#website\",\"url\":\"https:\\\/\\\/fanrechtefonds.de\\\/blog\\\/\",\"name\":\"Fanrechtefonds\",\"description\":\"Fanrechtefonds\",\"potentialAction\":[{\"@type\":\"SearchAction\",\"target\":{\"@type\":\"EntryPoint\",\"urlTemplate\":\"https:\\\/\\\/fanrechtefonds.de\\\/blog\\\/?s={search_term_string}\"},\"query-input\":{\"@type\":\"PropertyValueSpecification\",\"valueRequired\":true,\"valueName\":\"search_term_string\"}}],\"inLanguage\":\"de\"},{\"@type\":\"Person\",\"@id\":\"https:\\\/\\\/fanrechtefonds.de\\\/blog\\\/#\\\/schema\\\/person\\\/91b6657ceb27de14698a8730cfdf5463\",\"name\":\"frf_admin\",\"url\":\"https:\\\/\\\/fanrechtefonds.de\\\/blog\\\/author\\\/frf_admin\\\/\"}]}<\/script>\n<!-- \/ Yoast SEO plugin. -->","yoast_head_json":{"title":"Erfolgreiche Klage gegen Stadionverbot - Fanrechtefonds","robots":{"index":"index","follow":"follow","max-snippet":"max-snippet:-1","max-image-preview":"max-image-preview:large","max-video-preview":"max-video-preview:-1"},"canonical":"https:\/\/fanrechtefonds.de\/blog\/2007\/11\/01\/erfolgreiche-klage-gegen-stadionverbot\/","og_locale":"de_DE","og_type":"article","og_title":"Erfolgreiche Klage gegen Stadionverbot - Fanrechtefonds","og_description":"Erste unterst\u00fctzte Klage erfolgreich \/ 1. FC K\u00f6ln muss Stadionverbot aufheben Der erste vom Fanrechtefonds unterst\u00fctzte Fu\u00dfballfan ist jetzt zu seinem Recht gekommen. Das Amtsgericht K\u00f6ln gab der Klage des Anh\u00e4ngers von Eintracht Frankfurt gegen den 1. FC K\u00f6ln statt. &hellip; Weiter","og_url":"https:\/\/fanrechtefonds.de\/blog\/2007\/11\/01\/erfolgreiche-klage-gegen-stadionverbot\/","og_site_name":"Fanrechtefonds","article_published_time":"2007-11-01T12:33:07+00:00","article_modified_time":"2016-08-24T11:34:18+00:00","og_image":[{"width":400,"height":400,"url":"https:\/\/fanrechtefonds.de\/blog\/wp-content\/uploads\/2021\/04\/Logo_200x200.png","type":"image\/png"}],"author":"frf_admin","twitter_card":"summary_large_image","twitter_misc":{"Verfasst von":"frf_admin","Gesch\u00e4tzte Lesezeit":"3\u00a0Minuten"},"schema":{"@context":"https:\/\/schema.org","@graph":[{"@type":"Article","@id":"https:\/\/fanrechtefonds.de\/blog\/2007\/11\/01\/erfolgreiche-klage-gegen-stadionverbot\/#article","isPartOf":{"@id":"https:\/\/fanrechtefonds.de\/blog\/2007\/11\/01\/erfolgreiche-klage-gegen-stadionverbot\/"},"author":{"name":"frf_admin","@id":"https:\/\/fanrechtefonds.de\/blog\/#\/schema\/person\/91b6657ceb27de14698a8730cfdf5463"},"headline":"Erfolgreiche Klage gegen Stadionverbot","datePublished":"2007-11-01T12:33:07+00:00","dateModified":"2016-08-24T11:34:18+00:00","mainEntityOfPage":{"@id":"https:\/\/fanrechtefonds.de\/blog\/2007\/11\/01\/erfolgreiche-klage-gegen-stadionverbot\/"},"wordCount":659,"articleSection":{"1":"F\u00e4lle","2":"Pressemitteilung"},"inLanguage":"de"},{"@type":"WebPage","@id":"https:\/\/fanrechtefonds.de\/blog\/2007\/11\/01\/erfolgreiche-klage-gegen-stadionverbot\/","url":"https:\/\/fanrechtefonds.de\/blog\/2007\/11\/01\/erfolgreiche-klage-gegen-stadionverbot\/","name":"Erfolgreiche Klage gegen Stadionverbot - Fanrechtefonds","isPartOf":{"@id":"https:\/\/fanrechtefonds.de\/blog\/#website"},"datePublished":"2007-11-01T12:33:07+00:00","dateModified":"2016-08-24T11:34:18+00:00","author":{"@id":"https:\/\/fanrechtefonds.de\/blog\/#\/schema\/person\/91b6657ceb27de14698a8730cfdf5463"},"breadcrumb":{"@id":"https:\/\/fanrechtefonds.de\/blog\/2007\/11\/01\/erfolgreiche-klage-gegen-stadionverbot\/#breadcrumb"},"inLanguage":"de","potentialAction":[{"@type":"ReadAction","target":["https:\/\/fanrechtefonds.de\/blog\/2007\/11\/01\/erfolgreiche-klage-gegen-stadionverbot\/"]}]},{"@type":"BreadcrumbList","@id":"https:\/\/fanrechtefonds.de\/blog\/2007\/11\/01\/erfolgreiche-klage-gegen-stadionverbot\/#breadcrumb","itemListElement":[{"@type":"ListItem","position":1,"name":"Startseite","item":"https:\/\/fanrechtefonds.de\/blog\/"},{"@type":"ListItem","position":2,"name":"Erfolgreiche Klage gegen Stadionverbot"}]},{"@type":"WebSite","@id":"https:\/\/fanrechtefonds.de\/blog\/#website","url":"https:\/\/fanrechtefonds.de\/blog\/","name":"Fanrechtefonds","description":"Fanrechtefonds","potentialAction":[{"@type":"SearchAction","target":{"@type":"EntryPoint","urlTemplate":"https:\/\/fanrechtefonds.de\/blog\/?s={search_term_string}"},"query-input":{"@type":"PropertyValueSpecification","valueRequired":true,"valueName":"search_term_string"}}],"inLanguage":"de"},{"@type":"Person","@id":"https:\/\/fanrechtefonds.de\/blog\/#\/schema\/person\/91b6657ceb27de14698a8730cfdf5463","name":"frf_admin","url":"https:\/\/fanrechtefonds.de\/blog\/author\/frf_admin\/"}]}},"_links":{"self":[{"href":"https:\/\/fanrechtefonds.de\/blog\/wp-json\/wp\/v2\/posts\/92","targetHints":{"allow":["GET"]}}],"collection":[{"href":"https:\/\/fanrechtefonds.de\/blog\/wp-json\/wp\/v2\/posts"}],"about":[{"href":"https:\/\/fanrechtefonds.de\/blog\/wp-json\/wp\/v2\/types\/post"}],"author":[{"embeddable":true,"href":"https:\/\/fanrechtefonds.de\/blog\/wp-json\/wp\/v2\/users\/1"}],"replies":[{"embeddable":true,"href":"https:\/\/fanrechtefonds.de\/blog\/wp-json\/wp\/v2\/comments?post=92"}],"version-history":[{"count":1,"href":"https:\/\/fanrechtefonds.de\/blog\/wp-json\/wp\/v2\/posts\/92\/revisions"}],"predecessor-version":[{"id":93,"href":"https:\/\/fanrechtefonds.de\/blog\/wp-json\/wp\/v2\/posts\/92\/revisions\/93"}],"wp:attachment":[{"href":"https:\/\/fanrechtefonds.de\/blog\/wp-json\/wp\/v2\/media?parent=92"}],"wp:term":[{"taxonomy":"category","embeddable":true,"href":"https:\/\/fanrechtefonds.de\/blog\/wp-json\/wp\/v2\/categories?post=92"},{"taxonomy":"post_tag","embeddable":true,"href":"https:\/\/fanrechtefonds.de\/blog\/wp-json\/wp\/v2\/tags?post=92"}],"curies":[{"name":"wp","href":"https:\/\/api.w.org\/{rel}","templated":true}]}}