{"id":88,"date":"2007-02-27T12:30:47","date_gmt":"2007-02-27T11:30:47","guid":{"rendered":"http:\/\/fanrechtefonds.de\/blog\/?p=88"},"modified":"2016-08-24T13:29:29","modified_gmt":"2016-08-24T11:29:29","slug":"jetzt-gehts-lo-os","status":"publish","type":"post","link":"https:\/\/fanrechtefonds.de\/blog\/2007\/02\/27\/jetzt-gehts-lo-os\/","title":{"rendered":"Jetzt geht&#8217;s lo-os!"},"content":{"rendered":"<h4><strong>Beirat komplettiert \/ HSV-Torwart Frank Rost und Radiolegende G\u00fcnther Koch mit im Boot \/ Bereits mehr als 7.500 Euro gespendet<\/strong><\/h4>\n<p>Die Zusagen zur Mitarbeit von Frank Rost, Torwart des Bundesligisten Hamburger Sport-Verein und dem Urgestein der Fu\u00dfball-Radio\u00fcbertragung G\u00fcnther Koch haben den Startschuss f\u00fcr die Arbeit des im Dezember letzten Jahres gegr\u00fcndeten Fanrechtefonds gegeben. Mit ihnen ist der 14-k\u00f6pfige Beirat der Organisation komplettiert worden. Ab sofort wird der Fonds nun Fu\u00dfballfans beistehen, die zu Unrecht kriminalisiert wurden. Zu diesem Zweck sind bereits mehr als 7.500 Euro von Fans und Fangruppen aus ganz Deutschland auf das Treuhandkonto des Fanrechtefonds eingezahlt worden. Dieses Ergebnis &#8211; mit dessen H\u00f6he die Initiatoren in der K\u00fcrze der Zeit nicht gerechnet hatten &#8211; zeigt, wie massiv das Problem unberechtigter Stadionverbote den Fu\u00dfballfans in Deutschland unter den N\u00e4geln brennt. Das gespendete Geld wird zur finanziellen Unterst\u00fctzung Betroffener vor Gericht verwendet. Der nun vollst\u00e4ndige Beirat wird die Arbeit des aus Fu\u00dfballfans bestehenden Kassenrats beratend unterst\u00fctzen und kann dabei, insbesondere in rechtlichen Fragen, ein hohes Ma\u00df an Fachwissen einbringen. Zum Beirat geh\u00f6ren Juristen und B\u00fcrgerrechtler ebenso wie Fanaktivisten, ein Fanbeauftragter sowie der Sprecher der Bundesarbeitsgemeinschaft der Fanprojekte. Mit G\u00fcnther Koch und Frank Rost haben zudem zwei Wunschkandidaten spontan zugesagt, die den Umgang der Sicherheitskr\u00e4fte mit Fu\u00dfballfans teilweise sehr kritisch sehen. So kann der Fanrechtefonds nun in die Vollen gehen, denn es liegen bereits mehrere F\u00e4lle zur Pr\u00fcfung vor. Unterst\u00fctzt werden allerdings nur Fans, die rechtswidrig behandelt wurden. Antr\u00e4ge von angemessen bestraften Gewaltt\u00e4tern werden abgelehnt. Frank Rost hierzu: &#8222;Sicherlich verstehe ich alle, die nach den Ereignissen der letzten Wochen verlangen, dass hart gegen Randalierer durchgegriffen werden muss. Dieses darf aber in keinem Fall zu Lasten der echten Fans gehen. Deshalb setze ich mich daf\u00fcr ein, dass immer noch die M\u00f6glichkeit zur Kommunikation bleibt und es nicht zu einer allgemeinen Kriminalisierung der Fangemeinde kommt, da sie ein wichtiger Bestandteil des &#8222;Mythos&#8220; Fu\u00dfball sind. Denn weder auf dem Feld noch auf den R\u00e4ngen gibt es nur Schwarz und Wei\u00df.&#8220; So soll der Fanrechtefonds ausschlie\u00dflich Unschuldigen zu ihrem Recht verhelfen, das ihnen leider immer noch in vielen F\u00e4llen verwehrt wird. Weitere Informationen zum Fanrechtefonds finden Sie unter\u00a0<a href=\"http:\/\/www.fanrechtefonds.de\/\" target=\"_blank\">www.fanrechtefonds.de<\/a>.<\/p>\n","protected":false},"excerpt":{"rendered":"<p>Beirat komplettiert \/ HSV-Torwart Frank Rost und Radiolegende G\u00fcnther Koch mit im Boot \/ Bereits mehr als 7.500 Euro gespendet Die Zusagen zur Mitarbeit von Frank Rost, Torwart des Bundesligisten Hamburger Sport-Verein und dem Urgestein der Fu\u00dfball-Radio\u00fcbertragung G\u00fcnther Koch haben &hellip; <a href=\"https:\/\/fanrechtefonds.de\/blog\/2007\/02\/27\/jetzt-gehts-lo-os\/\">Weiter<\/a><\/p>\n","protected":false},"author":1,"featured_media":0,"comment_status":"closed","ping_status":"closed","sticky":false,"template":"","format":"standard","meta":{"kt_blocks_editor_width":"","footnotes":""},"categories":[1,2],"tags":[],"class_list":["post-88","post","type-post","status-publish","format-standard","hentry","category-allgemein","category-pressemitteilung"],"yoast_head":"<!-- This site is optimized with the Yoast SEO plugin v27.5 - https:\/\/yoast.com\/product\/yoast-seo-wordpress\/ -->\n<title>Jetzt geht&#039;s lo-os! - Fanrechtefonds<\/title>\n<meta name=\"robots\" content=\"index, follow, max-snippet:-1, max-image-preview:large, max-video-preview:-1\" \/>\n<link rel=\"canonical\" href=\"https:\/\/fanrechtefonds.de\/blog\/2007\/02\/27\/jetzt-gehts-lo-os\/\" \/>\n<meta property=\"og:locale\" content=\"de_DE\" \/>\n<meta property=\"og:type\" content=\"article\" \/>\n<meta property=\"og:title\" content=\"Jetzt geht&#039;s lo-os! - Fanrechtefonds\" \/>\n<meta property=\"og:description\" content=\"Beirat komplettiert \/ HSV-Torwart Frank Rost und Radiolegende G\u00fcnther Koch mit im Boot \/ Bereits mehr als 7.500 Euro gespendet Die Zusagen zur Mitarbeit von Frank Rost, Torwart des Bundesligisten Hamburger Sport-Verein und dem Urgestein der Fu\u00dfball-Radio\u00fcbertragung G\u00fcnther Koch haben &hellip; Weiter\" \/>\n<meta property=\"og:url\" content=\"https:\/\/fanrechtefonds.de\/blog\/2007\/02\/27\/jetzt-gehts-lo-os\/\" \/>\n<meta property=\"og:site_name\" content=\"Fanrechtefonds\" \/>\n<meta property=\"article:published_time\" content=\"2007-02-27T11:30:47+00:00\" \/>\n<meta property=\"article:modified_time\" content=\"2016-08-24T11:29:29+00:00\" \/>\n<meta property=\"og:image\" content=\"https:\/\/fanrechtefonds.de\/blog\/wp-content\/uploads\/2021\/04\/Logo_200x200.png\" \/>\n\t<meta property=\"og:image:width\" content=\"400\" \/>\n\t<meta property=\"og:image:height\" content=\"400\" \/>\n\t<meta property=\"og:image:type\" content=\"image\/png\" \/>\n<meta name=\"author\" content=\"frf_admin\" \/>\n<meta name=\"twitter:card\" content=\"summary_large_image\" \/>\n<meta name=\"twitter:label1\" content=\"Verfasst von\" \/>\n\t<meta name=\"twitter:data1\" content=\"frf_admin\" \/>\n\t<meta name=\"twitter:label2\" content=\"Gesch\u00e4tzte Lesezeit\" \/>\n\t<meta name=\"twitter:data2\" content=\"2\u00a0Minuten\" \/>\n<script type=\"application\/ld+json\" class=\"yoast-schema-graph\">{\"@context\":\"https:\\\/\\\/schema.org\",\"@graph\":[{\"@type\":\"Article\",\"@id\":\"https:\\\/\\\/fanrechtefonds.de\\\/blog\\\/2007\\\/02\\\/27\\\/jetzt-gehts-lo-os\\\/#article\",\"isPartOf\":{\"@id\":\"https:\\\/\\\/fanrechtefonds.de\\\/blog\\\/2007\\\/02\\\/27\\\/jetzt-gehts-lo-os\\\/\"},\"author\":{\"name\":\"frf_admin\",\"@id\":\"https:\\\/\\\/fanrechtefonds.de\\\/blog\\\/#\\\/schema\\\/person\\\/91b6657ceb27de14698a8730cfdf5463\"},\"headline\":\"Jetzt geht&#8217;s lo-os!\",\"datePublished\":\"2007-02-27T11:30:47+00:00\",\"dateModified\":\"2016-08-24T11:29:29+00:00\",\"mainEntityOfPage\":{\"@id\":\"https:\\\/\\\/fanrechtefonds.de\\\/blog\\\/2007\\\/02\\\/27\\\/jetzt-gehts-lo-os\\\/\"},\"wordCount\":387,\"articleSection\":{\"1\":\"Pressemitteilung\"},\"inLanguage\":\"de\"},{\"@type\":\"WebPage\",\"@id\":\"https:\\\/\\\/fanrechtefonds.de\\\/blog\\\/2007\\\/02\\\/27\\\/jetzt-gehts-lo-os\\\/\",\"url\":\"https:\\\/\\\/fanrechtefonds.de\\\/blog\\\/2007\\\/02\\\/27\\\/jetzt-gehts-lo-os\\\/\",\"name\":\"Jetzt geht's lo-os! - Fanrechtefonds\",\"isPartOf\":{\"@id\":\"https:\\\/\\\/fanrechtefonds.de\\\/blog\\\/#website\"},\"datePublished\":\"2007-02-27T11:30:47+00:00\",\"dateModified\":\"2016-08-24T11:29:29+00:00\",\"author\":{\"@id\":\"https:\\\/\\\/fanrechtefonds.de\\\/blog\\\/#\\\/schema\\\/person\\\/91b6657ceb27de14698a8730cfdf5463\"},\"breadcrumb\":{\"@id\":\"https:\\\/\\\/fanrechtefonds.de\\\/blog\\\/2007\\\/02\\\/27\\\/jetzt-gehts-lo-os\\\/#breadcrumb\"},\"inLanguage\":\"de\",\"potentialAction\":[{\"@type\":\"ReadAction\",\"target\":[\"https:\\\/\\\/fanrechtefonds.de\\\/blog\\\/2007\\\/02\\\/27\\\/jetzt-gehts-lo-os\\\/\"]}]},{\"@type\":\"BreadcrumbList\",\"@id\":\"https:\\\/\\\/fanrechtefonds.de\\\/blog\\\/2007\\\/02\\\/27\\\/jetzt-gehts-lo-os\\\/#breadcrumb\",\"itemListElement\":[{\"@type\":\"ListItem\",\"position\":1,\"name\":\"Startseite\",\"item\":\"https:\\\/\\\/fanrechtefonds.de\\\/blog\\\/\"},{\"@type\":\"ListItem\",\"position\":2,\"name\":\"Jetzt geht&#8217;s lo-os!\"}]},{\"@type\":\"WebSite\",\"@id\":\"https:\\\/\\\/fanrechtefonds.de\\\/blog\\\/#website\",\"url\":\"https:\\\/\\\/fanrechtefonds.de\\\/blog\\\/\",\"name\":\"Fanrechtefonds\",\"description\":\"Fanrechtefonds\",\"potentialAction\":[{\"@type\":\"SearchAction\",\"target\":{\"@type\":\"EntryPoint\",\"urlTemplate\":\"https:\\\/\\\/fanrechtefonds.de\\\/blog\\\/?s={search_term_string}\"},\"query-input\":{\"@type\":\"PropertyValueSpecification\",\"valueRequired\":true,\"valueName\":\"search_term_string\"}}],\"inLanguage\":\"de\"},{\"@type\":\"Person\",\"@id\":\"https:\\\/\\\/fanrechtefonds.de\\\/blog\\\/#\\\/schema\\\/person\\\/91b6657ceb27de14698a8730cfdf5463\",\"name\":\"frf_admin\",\"url\":\"https:\\\/\\\/fanrechtefonds.de\\\/blog\\\/author\\\/frf_admin\\\/\"}]}<\/script>\n<!-- \/ Yoast SEO plugin. -->","yoast_head_json":{"title":"Jetzt geht's lo-os! - Fanrechtefonds","robots":{"index":"index","follow":"follow","max-snippet":"max-snippet:-1","max-image-preview":"max-image-preview:large","max-video-preview":"max-video-preview:-1"},"canonical":"https:\/\/fanrechtefonds.de\/blog\/2007\/02\/27\/jetzt-gehts-lo-os\/","og_locale":"de_DE","og_type":"article","og_title":"Jetzt geht's lo-os! - Fanrechtefonds","og_description":"Beirat komplettiert \/ HSV-Torwart Frank Rost und Radiolegende G\u00fcnther Koch mit im Boot \/ Bereits mehr als 7.500 Euro gespendet Die Zusagen zur Mitarbeit von Frank Rost, Torwart des Bundesligisten Hamburger Sport-Verein und dem Urgestein der Fu\u00dfball-Radio\u00fcbertragung G\u00fcnther Koch haben &hellip; Weiter","og_url":"https:\/\/fanrechtefonds.de\/blog\/2007\/02\/27\/jetzt-gehts-lo-os\/","og_site_name":"Fanrechtefonds","article_published_time":"2007-02-27T11:30:47+00:00","article_modified_time":"2016-08-24T11:29:29+00:00","og_image":[{"width":400,"height":400,"url":"https:\/\/fanrechtefonds.de\/blog\/wp-content\/uploads\/2021\/04\/Logo_200x200.png","type":"image\/png"}],"author":"frf_admin","twitter_card":"summary_large_image","twitter_misc":{"Verfasst von":"frf_admin","Gesch\u00e4tzte Lesezeit":"2\u00a0Minuten"},"schema":{"@context":"https:\/\/schema.org","@graph":[{"@type":"Article","@id":"https:\/\/fanrechtefonds.de\/blog\/2007\/02\/27\/jetzt-gehts-lo-os\/#article","isPartOf":{"@id":"https:\/\/fanrechtefonds.de\/blog\/2007\/02\/27\/jetzt-gehts-lo-os\/"},"author":{"name":"frf_admin","@id":"https:\/\/fanrechtefonds.de\/blog\/#\/schema\/person\/91b6657ceb27de14698a8730cfdf5463"},"headline":"Jetzt geht&#8217;s lo-os!","datePublished":"2007-02-27T11:30:47+00:00","dateModified":"2016-08-24T11:29:29+00:00","mainEntityOfPage":{"@id":"https:\/\/fanrechtefonds.de\/blog\/2007\/02\/27\/jetzt-gehts-lo-os\/"},"wordCount":387,"articleSection":{"1":"Pressemitteilung"},"inLanguage":"de"},{"@type":"WebPage","@id":"https:\/\/fanrechtefonds.de\/blog\/2007\/02\/27\/jetzt-gehts-lo-os\/","url":"https:\/\/fanrechtefonds.de\/blog\/2007\/02\/27\/jetzt-gehts-lo-os\/","name":"Jetzt geht's lo-os! - Fanrechtefonds","isPartOf":{"@id":"https:\/\/fanrechtefonds.de\/blog\/#website"},"datePublished":"2007-02-27T11:30:47+00:00","dateModified":"2016-08-24T11:29:29+00:00","author":{"@id":"https:\/\/fanrechtefonds.de\/blog\/#\/schema\/person\/91b6657ceb27de14698a8730cfdf5463"},"breadcrumb":{"@id":"https:\/\/fanrechtefonds.de\/blog\/2007\/02\/27\/jetzt-gehts-lo-os\/#breadcrumb"},"inLanguage":"de","potentialAction":[{"@type":"ReadAction","target":["https:\/\/fanrechtefonds.de\/blog\/2007\/02\/27\/jetzt-gehts-lo-os\/"]}]},{"@type":"BreadcrumbList","@id":"https:\/\/fanrechtefonds.de\/blog\/2007\/02\/27\/jetzt-gehts-lo-os\/#breadcrumb","itemListElement":[{"@type":"ListItem","position":1,"name":"Startseite","item":"https:\/\/fanrechtefonds.de\/blog\/"},{"@type":"ListItem","position":2,"name":"Jetzt geht&#8217;s lo-os!"}]},{"@type":"WebSite","@id":"https:\/\/fanrechtefonds.de\/blog\/#website","url":"https:\/\/fanrechtefonds.de\/blog\/","name":"Fanrechtefonds","description":"Fanrechtefonds","potentialAction":[{"@type":"SearchAction","target":{"@type":"EntryPoint","urlTemplate":"https:\/\/fanrechtefonds.de\/blog\/?s={search_term_string}"},"query-input":{"@type":"PropertyValueSpecification","valueRequired":true,"valueName":"search_term_string"}}],"inLanguage":"de"},{"@type":"Person","@id":"https:\/\/fanrechtefonds.de\/blog\/#\/schema\/person\/91b6657ceb27de14698a8730cfdf5463","name":"frf_admin","url":"https:\/\/fanrechtefonds.de\/blog\/author\/frf_admin\/"}]}},"_links":{"self":[{"href":"https:\/\/fanrechtefonds.de\/blog\/wp-json\/wp\/v2\/posts\/88","targetHints":{"allow":["GET"]}}],"collection":[{"href":"https:\/\/fanrechtefonds.de\/blog\/wp-json\/wp\/v2\/posts"}],"about":[{"href":"https:\/\/fanrechtefonds.de\/blog\/wp-json\/wp\/v2\/types\/post"}],"author":[{"embeddable":true,"href":"https:\/\/fanrechtefonds.de\/blog\/wp-json\/wp\/v2\/users\/1"}],"replies":[{"embeddable":true,"href":"https:\/\/fanrechtefonds.de\/blog\/wp-json\/wp\/v2\/comments?post=88"}],"version-history":[{"count":1,"href":"https:\/\/fanrechtefonds.de\/blog\/wp-json\/wp\/v2\/posts\/88\/revisions"}],"predecessor-version":[{"id":89,"href":"https:\/\/fanrechtefonds.de\/blog\/wp-json\/wp\/v2\/posts\/88\/revisions\/89"}],"wp:attachment":[{"href":"https:\/\/fanrechtefonds.de\/blog\/wp-json\/wp\/v2\/media?parent=88"}],"wp:term":[{"taxonomy":"category","embeddable":true,"href":"https:\/\/fanrechtefonds.de\/blog\/wp-json\/wp\/v2\/categories?post=88"},{"taxonomy":"post_tag","embeddable":true,"href":"https:\/\/fanrechtefonds.de\/blog\/wp-json\/wp\/v2\/tags?post=88"}],"curies":[{"name":"wp","href":"https:\/\/api.w.org\/{rel}","templated":true}]}}