{"id":78,"date":"2006-12-07T12:00:43","date_gmt":"2006-12-07T11:00:43","guid":{"rendered":"http:\/\/fanrechtefonds.de\/blog\/?p=78"},"modified":"2016-08-24T13:20:41","modified_gmt":"2016-08-24T11:20:41","slug":"fussballfans-gruenden-bundesweiten-fanrechtefonds","status":"publish","type":"post","link":"https:\/\/fanrechtefonds.de\/blog\/2006\/12\/07\/fussballfans-gruenden-bundesweiten-fanrechtefonds\/","title":{"rendered":"Fu\u00dfballfans gr\u00fcnden bundesweiten Fanrechtefonds"},"content":{"rendered":"<p><a href=\"http:\/\/www.spiegel.de\/sport\/fussball\/0,1518,452978,00.html\" target=\"_blank\">Hier<\/a>\u00a0geht es zum Artikel von SPIEGEL ONLINE.<\/p>\n<hr \/>\n<p>Fu\u00dfballfans aus ganz Deutschland haben sich zusammengeschlossen, um mit vereinten Kr\u00e4ften gegen die stetige Verletzung der Rechte von Fu\u00dfballfans vorzugehen. Mit Hilfe des heute gegr\u00fcndeten Fonds soll die n\u00f6tige finanzielle Basis geschaffen werden, um die nicht mehr hinnehmbare Behandlung unschuldiger und friedlicher Fu\u00dfballfans juristisch \u00fcberpr\u00fcfen zu lassen.<\/p>\n<p>Bereits seit Jahren haben Fu\u00dfballanh\u00e4nger eine zunehmende kollektive Kriminalisierung durch Polizei und DFB zu beklagen. Entgegen der Hoffnungen der Fans h\u00e4lt die im Vorwege der WM sp\u00fcrbar verschlechterte Situation auch nach der R\u00fcckkehr zum Liga-Alltag an. So f\u00fchrt eine einfache, routinem\u00e4\u00dfige Personalienaufnahme an einem Spieltag h\u00e4ufig zu einem Eintrag in die Polizeidatei &#8222;Gewaltt\u00e4ter Sport&#8220;. Zur Erteilung eines Stadionverbots reicht die Einleitung eines Ermittlungsverfahrens. Dass die meisten Verfahren im Fu\u00dfballumfeld sp\u00e4ter eingestellt werden, findet bei der Vergabepraxis keinerlei Ber\u00fccksichtigung. Unschuldig bis die Schuld bewiesen ist, gilt hierbei leider nicht.<\/p>\n<p>Exemplarisch f\u00fcr die oft willk\u00fcrliche Praxis von offizieller Seite ist der Fall einer Gruppe argentinischer Fu\u00dfballfans, denen bei der Fu\u00dfball-WM im vergangenen Sommer ein Stadionverbot vom FIFA-WM-Organisationskomitee erteilt wurde. Der konkrete Vorwurf lautete damals, die Fans h\u00e4tten innerhalb (!) des argentinischen Fanbereichs ihre Sitzpl\u00e4tze mit anderen Fans getauscht und bei emotionalen Situationen w\u00e4hrend des Spiels zeitweilig auf ihren Sitzen gestanden. Die ausgesperrten Fu\u00dfballfans klagten gegen das erteilte Stadionverbot und erhielten vor dem Landgericht Frankfurt Recht: Eine einstweilige Verf\u00fcgung des Gerichts erm\u00f6glichte ihnen, die weiteren Spiele ihrer Nationalmannschaft zu besuchen.<\/p>\n<p>\u00c4hnlich groteske F\u00e4lle sind leider auch im deutschen Ligaalltag &#8211; unbemerkt von einer gro\u00dfen \u00d6ffentlichkeit &#8211; an der Tagesordnung. Allerdings fehlen den zumeist jugendlichen Betroffenen fast immer die finanziellen Mittel, um eine juristische Auseinandersetzung einzuleiten. Die Initiatoren wollen mit Hilfe des Fonds die Rechte aller Fans st\u00e4rken. Mit erwarteten mehreren tausend Euro Spenden pro Jahr und ausgew\u00e4hlten, richtungweisenden F\u00e4llen, kann ein Umdenken auf Seiten der Verantwortlichen bewirkt werden &#8211; insbesondere beim DFB.<\/p>\n<p>Die Initiatoren des Fanrechtefonds waren immer und sind auch weiterhin gespr\u00e4chsbereit. Ausdr\u00fccklich begr\u00fc\u00dft wird auch, dass die Arbeit der Fanprojekte gest\u00e4rkt werden soll und ein &#8222;Fankongress&#8220; durch DFB und DFL vorbereitet wird. Bei \u00e4hnlichen, durchaus konstruktiv verlaufenen, Gespr\u00e4chen in den vergangenen Jahren konnte eine Verbesserung der Situation jedoch nicht erreicht werden. Selbst die Appelle des Bundespr\u00e4sidenten Rau verpufften ergebnislos. Das im Sommer 2005 vom damaligen Bundesinnenminister Schily und dem DFBPr\u00e4sident Zwanziger abgegebene Versprechen, eine Ombudsstelle f\u00fcr Fans einzurichten, wurde j\u00fcngst vom DFB widerrufen.<\/p>\n<p>Die Initiatoren der Unterst\u00fctzungskasse f\u00fcr Fanrechte verschlie\u00dfen nicht die Augen vor den tats\u00e4chlich existierenden Problemen bzgl. Gewalt rund um den Fu\u00dfballsport, wie sie in den vergangenen Wochen bedauerlicherweise wiederholt zu Tage getreten sind. Derartig unhaltbare Zust\u00e4nde, wie sie am Rande einiger Fu\u00dfballspiele zu beobachten waren, rechtfertigen jedoch keine Stadionverbote gegen unschuldige Fans nach dem Gie\u00dfkannenprinzip. Die Initiatoren distanzieren sich in aller Deutlichkeit von Gewalt und Rassismus in und au\u00dferhalb der Stadien. Eine Unterst\u00fctzung von Hooligans und rassistischen Fans ist durch die Satzung des Fonds ausdr\u00fccklich ausgeschlossen.<\/p>\n<p>Die Kontoverbindung des Spendenkontos lautet:<br \/>\nKontoinhaber: Rechtsanwalt Dirk Seitz<br \/>\nKontonummer: 4956785<br \/>\nBankleitzahl: 20070024 (Deutsche Bank Hamburg)<\/p>\n<p>Ein aus f\u00fcnf Fans verschiedener Vereine bestehender Kassenrat entscheidet in Einklang mit der Satzung des Treuhandkontos \u00fcber die Verwendung der Spenden. Zwei Anw\u00e4lte verwalten das Geld und \u00fcberwachen die satzungsgem\u00e4\u00dfe Nutzung. Weitere Informationen \u00fcber das Projekt &#8222;Fanrechtefonds&#8220; sind unter www.fanrechte.de abrufbar. Unterst\u00fctzt wird das Projekt von zahlreichen deutschen Fanclubs und Fangruppen, sowie den beiden gro\u00dfen \u00fcberregionalen Fanorganisationen BAFF und PRO FANS.<\/p>\n<p>F\u00fcr pers\u00f6nliche Anfragen stehen wir jederzeit gerne zur Verf\u00fcgung.<\/p>\n<p>Die Presseerkl\u00e4rung als PDF gibt es <a href=\"http:\/\/fanrechtefonds.de\/blog\/wp-content\/uploads\/2016\/08\/pe_071206_fanrechtefonds_hp.pdf\" target=\"_blank\">hier<\/a>.<\/p>\n","protected":false},"excerpt":{"rendered":"<p>Hier\u00a0geht es zum Artikel von SPIEGEL ONLINE. Fu\u00dfballfans aus ganz Deutschland haben sich zusammengeschlossen, um mit vereinten Kr\u00e4ften gegen die stetige Verletzung der Rechte von Fu\u00dfballfans vorzugehen. Mit Hilfe des heute gegr\u00fcndeten Fonds soll die n\u00f6tige finanzielle Basis geschaffen werden, &hellip; <a href=\"https:\/\/fanrechtefonds.de\/blog\/2006\/12\/07\/fussballfans-gruenden-bundesweiten-fanrechtefonds\/\">Weiter<\/a><\/p>\n","protected":false},"author":1,"featured_media":0,"comment_status":"closed","ping_status":"closed","sticky":false,"template":"","format":"standard","meta":{"kt_blocks_editor_width":"","footnotes":""},"categories":[1,2],"tags":[],"class_list":["post-78","post","type-post","status-publish","format-standard","hentry","category-allgemein","category-pressemitteilung"],"yoast_head":"<!-- This site is optimized with the Yoast SEO plugin v27.5 - https:\/\/yoast.com\/product\/yoast-seo-wordpress\/ -->\n<title>Fu\u00dfballfans gr\u00fcnden bundesweiten Fanrechtefonds - Fanrechtefonds<\/title>\n<meta name=\"robots\" content=\"index, follow, max-snippet:-1, max-image-preview:large, max-video-preview:-1\" \/>\n<link rel=\"canonical\" href=\"https:\/\/fanrechtefonds.de\/blog\/2006\/12\/07\/fussballfans-gruenden-bundesweiten-fanrechtefonds\/\" \/>\n<meta property=\"og:locale\" content=\"de_DE\" \/>\n<meta property=\"og:type\" content=\"article\" \/>\n<meta property=\"og:title\" content=\"Fu\u00dfballfans gr\u00fcnden bundesweiten Fanrechtefonds - Fanrechtefonds\" \/>\n<meta property=\"og:description\" content=\"Hier\u00a0geht es zum Artikel von SPIEGEL ONLINE. Fu\u00dfballfans aus ganz Deutschland haben sich zusammengeschlossen, um mit vereinten Kr\u00e4ften gegen die stetige Verletzung der Rechte von Fu\u00dfballfans vorzugehen. Mit Hilfe des heute gegr\u00fcndeten Fonds soll die n\u00f6tige finanzielle Basis geschaffen werden, &hellip; Weiter\" \/>\n<meta property=\"og:url\" content=\"https:\/\/fanrechtefonds.de\/blog\/2006\/12\/07\/fussballfans-gruenden-bundesweiten-fanrechtefonds\/\" \/>\n<meta property=\"og:site_name\" content=\"Fanrechtefonds\" \/>\n<meta property=\"article:published_time\" content=\"2006-12-07T11:00:43+00:00\" \/>\n<meta property=\"article:modified_time\" content=\"2016-08-24T11:20:41+00:00\" \/>\n<meta property=\"og:image\" content=\"https:\/\/fanrechtefonds.de\/blog\/wp-content\/uploads\/2021\/04\/Logo_200x200.png\" \/>\n\t<meta property=\"og:image:width\" content=\"400\" \/>\n\t<meta property=\"og:image:height\" content=\"400\" \/>\n\t<meta property=\"og:image:type\" content=\"image\/png\" \/>\n<meta name=\"author\" content=\"frf_admin\" \/>\n<meta name=\"twitter:card\" content=\"summary_large_image\" \/>\n<meta name=\"twitter:label1\" content=\"Verfasst von\" \/>\n\t<meta name=\"twitter:data1\" content=\"frf_admin\" \/>\n\t<meta name=\"twitter:label2\" content=\"Gesch\u00e4tzte Lesezeit\" \/>\n\t<meta name=\"twitter:data2\" content=\"3\u00a0Minuten\" \/>\n<script type=\"application\/ld+json\" class=\"yoast-schema-graph\">{\"@context\":\"https:\\\/\\\/schema.org\",\"@graph\":[{\"@type\":\"Article\",\"@id\":\"https:\\\/\\\/fanrechtefonds.de\\\/blog\\\/2006\\\/12\\\/07\\\/fussballfans-gruenden-bundesweiten-fanrechtefonds\\\/#article\",\"isPartOf\":{\"@id\":\"https:\\\/\\\/fanrechtefonds.de\\\/blog\\\/2006\\\/12\\\/07\\\/fussballfans-gruenden-bundesweiten-fanrechtefonds\\\/\"},\"author\":{\"name\":\"frf_admin\",\"@id\":\"https:\\\/\\\/fanrechtefonds.de\\\/blog\\\/#\\\/schema\\\/person\\\/91b6657ceb27de14698a8730cfdf5463\"},\"headline\":\"Fu\u00dfballfans gr\u00fcnden bundesweiten Fanrechtefonds\",\"datePublished\":\"2006-12-07T11:00:43+00:00\",\"dateModified\":\"2016-08-24T11:20:41+00:00\",\"mainEntityOfPage\":{\"@id\":\"https:\\\/\\\/fanrechtefonds.de\\\/blog\\\/2006\\\/12\\\/07\\\/fussballfans-gruenden-bundesweiten-fanrechtefonds\\\/\"},\"wordCount\":633,\"articleSection\":{\"1\":\"Pressemitteilung\"},\"inLanguage\":\"de\"},{\"@type\":\"WebPage\",\"@id\":\"https:\\\/\\\/fanrechtefonds.de\\\/blog\\\/2006\\\/12\\\/07\\\/fussballfans-gruenden-bundesweiten-fanrechtefonds\\\/\",\"url\":\"https:\\\/\\\/fanrechtefonds.de\\\/blog\\\/2006\\\/12\\\/07\\\/fussballfans-gruenden-bundesweiten-fanrechtefonds\\\/\",\"name\":\"Fu\u00dfballfans gr\u00fcnden bundesweiten Fanrechtefonds - Fanrechtefonds\",\"isPartOf\":{\"@id\":\"https:\\\/\\\/fanrechtefonds.de\\\/blog\\\/#website\"},\"datePublished\":\"2006-12-07T11:00:43+00:00\",\"dateModified\":\"2016-08-24T11:20:41+00:00\",\"author\":{\"@id\":\"https:\\\/\\\/fanrechtefonds.de\\\/blog\\\/#\\\/schema\\\/person\\\/91b6657ceb27de14698a8730cfdf5463\"},\"breadcrumb\":{\"@id\":\"https:\\\/\\\/fanrechtefonds.de\\\/blog\\\/2006\\\/12\\\/07\\\/fussballfans-gruenden-bundesweiten-fanrechtefonds\\\/#breadcrumb\"},\"inLanguage\":\"de\",\"potentialAction\":[{\"@type\":\"ReadAction\",\"target\":[\"https:\\\/\\\/fanrechtefonds.de\\\/blog\\\/2006\\\/12\\\/07\\\/fussballfans-gruenden-bundesweiten-fanrechtefonds\\\/\"]}]},{\"@type\":\"BreadcrumbList\",\"@id\":\"https:\\\/\\\/fanrechtefonds.de\\\/blog\\\/2006\\\/12\\\/07\\\/fussballfans-gruenden-bundesweiten-fanrechtefonds\\\/#breadcrumb\",\"itemListElement\":[{\"@type\":\"ListItem\",\"position\":1,\"name\":\"Startseite\",\"item\":\"https:\\\/\\\/fanrechtefonds.de\\\/blog\\\/\"},{\"@type\":\"ListItem\",\"position\":2,\"name\":\"Fu\u00dfballfans gr\u00fcnden bundesweiten Fanrechtefonds\"}]},{\"@type\":\"WebSite\",\"@id\":\"https:\\\/\\\/fanrechtefonds.de\\\/blog\\\/#website\",\"url\":\"https:\\\/\\\/fanrechtefonds.de\\\/blog\\\/\",\"name\":\"Fanrechtefonds\",\"description\":\"Fanrechtefonds\",\"potentialAction\":[{\"@type\":\"SearchAction\",\"target\":{\"@type\":\"EntryPoint\",\"urlTemplate\":\"https:\\\/\\\/fanrechtefonds.de\\\/blog\\\/?s={search_term_string}\"},\"query-input\":{\"@type\":\"PropertyValueSpecification\",\"valueRequired\":true,\"valueName\":\"search_term_string\"}}],\"inLanguage\":\"de\"},{\"@type\":\"Person\",\"@id\":\"https:\\\/\\\/fanrechtefonds.de\\\/blog\\\/#\\\/schema\\\/person\\\/91b6657ceb27de14698a8730cfdf5463\",\"name\":\"frf_admin\",\"url\":\"https:\\\/\\\/fanrechtefonds.de\\\/blog\\\/author\\\/frf_admin\\\/\"}]}<\/script>\n<!-- \/ Yoast SEO plugin. -->","yoast_head_json":{"title":"Fu\u00dfballfans gr\u00fcnden bundesweiten Fanrechtefonds - Fanrechtefonds","robots":{"index":"index","follow":"follow","max-snippet":"max-snippet:-1","max-image-preview":"max-image-preview:large","max-video-preview":"max-video-preview:-1"},"canonical":"https:\/\/fanrechtefonds.de\/blog\/2006\/12\/07\/fussballfans-gruenden-bundesweiten-fanrechtefonds\/","og_locale":"de_DE","og_type":"article","og_title":"Fu\u00dfballfans gr\u00fcnden bundesweiten Fanrechtefonds - Fanrechtefonds","og_description":"Hier\u00a0geht es zum Artikel von SPIEGEL ONLINE. Fu\u00dfballfans aus ganz Deutschland haben sich zusammengeschlossen, um mit vereinten Kr\u00e4ften gegen die stetige Verletzung der Rechte von Fu\u00dfballfans vorzugehen. Mit Hilfe des heute gegr\u00fcndeten Fonds soll die n\u00f6tige finanzielle Basis geschaffen werden, &hellip; Weiter","og_url":"https:\/\/fanrechtefonds.de\/blog\/2006\/12\/07\/fussballfans-gruenden-bundesweiten-fanrechtefonds\/","og_site_name":"Fanrechtefonds","article_published_time":"2006-12-07T11:00:43+00:00","article_modified_time":"2016-08-24T11:20:41+00:00","og_image":[{"width":400,"height":400,"url":"https:\/\/fanrechtefonds.de\/blog\/wp-content\/uploads\/2021\/04\/Logo_200x200.png","type":"image\/png"}],"author":"frf_admin","twitter_card":"summary_large_image","twitter_misc":{"Verfasst von":"frf_admin","Gesch\u00e4tzte Lesezeit":"3\u00a0Minuten"},"schema":{"@context":"https:\/\/schema.org","@graph":[{"@type":"Article","@id":"https:\/\/fanrechtefonds.de\/blog\/2006\/12\/07\/fussballfans-gruenden-bundesweiten-fanrechtefonds\/#article","isPartOf":{"@id":"https:\/\/fanrechtefonds.de\/blog\/2006\/12\/07\/fussballfans-gruenden-bundesweiten-fanrechtefonds\/"},"author":{"name":"frf_admin","@id":"https:\/\/fanrechtefonds.de\/blog\/#\/schema\/person\/91b6657ceb27de14698a8730cfdf5463"},"headline":"Fu\u00dfballfans gr\u00fcnden bundesweiten Fanrechtefonds","datePublished":"2006-12-07T11:00:43+00:00","dateModified":"2016-08-24T11:20:41+00:00","mainEntityOfPage":{"@id":"https:\/\/fanrechtefonds.de\/blog\/2006\/12\/07\/fussballfans-gruenden-bundesweiten-fanrechtefonds\/"},"wordCount":633,"articleSection":{"1":"Pressemitteilung"},"inLanguage":"de"},{"@type":"WebPage","@id":"https:\/\/fanrechtefonds.de\/blog\/2006\/12\/07\/fussballfans-gruenden-bundesweiten-fanrechtefonds\/","url":"https:\/\/fanrechtefonds.de\/blog\/2006\/12\/07\/fussballfans-gruenden-bundesweiten-fanrechtefonds\/","name":"Fu\u00dfballfans gr\u00fcnden bundesweiten Fanrechtefonds - Fanrechtefonds","isPartOf":{"@id":"https:\/\/fanrechtefonds.de\/blog\/#website"},"datePublished":"2006-12-07T11:00:43+00:00","dateModified":"2016-08-24T11:20:41+00:00","author":{"@id":"https:\/\/fanrechtefonds.de\/blog\/#\/schema\/person\/91b6657ceb27de14698a8730cfdf5463"},"breadcrumb":{"@id":"https:\/\/fanrechtefonds.de\/blog\/2006\/12\/07\/fussballfans-gruenden-bundesweiten-fanrechtefonds\/#breadcrumb"},"inLanguage":"de","potentialAction":[{"@type":"ReadAction","target":["https:\/\/fanrechtefonds.de\/blog\/2006\/12\/07\/fussballfans-gruenden-bundesweiten-fanrechtefonds\/"]}]},{"@type":"BreadcrumbList","@id":"https:\/\/fanrechtefonds.de\/blog\/2006\/12\/07\/fussballfans-gruenden-bundesweiten-fanrechtefonds\/#breadcrumb","itemListElement":[{"@type":"ListItem","position":1,"name":"Startseite","item":"https:\/\/fanrechtefonds.de\/blog\/"},{"@type":"ListItem","position":2,"name":"Fu\u00dfballfans gr\u00fcnden bundesweiten Fanrechtefonds"}]},{"@type":"WebSite","@id":"https:\/\/fanrechtefonds.de\/blog\/#website","url":"https:\/\/fanrechtefonds.de\/blog\/","name":"Fanrechtefonds","description":"Fanrechtefonds","potentialAction":[{"@type":"SearchAction","target":{"@type":"EntryPoint","urlTemplate":"https:\/\/fanrechtefonds.de\/blog\/?s={search_term_string}"},"query-input":{"@type":"PropertyValueSpecification","valueRequired":true,"valueName":"search_term_string"}}],"inLanguage":"de"},{"@type":"Person","@id":"https:\/\/fanrechtefonds.de\/blog\/#\/schema\/person\/91b6657ceb27de14698a8730cfdf5463","name":"frf_admin","url":"https:\/\/fanrechtefonds.de\/blog\/author\/frf_admin\/"}]}},"_links":{"self":[{"href":"https:\/\/fanrechtefonds.de\/blog\/wp-json\/wp\/v2\/posts\/78","targetHints":{"allow":["GET"]}}],"collection":[{"href":"https:\/\/fanrechtefonds.de\/blog\/wp-json\/wp\/v2\/posts"}],"about":[{"href":"https:\/\/fanrechtefonds.de\/blog\/wp-json\/wp\/v2\/types\/post"}],"author":[{"embeddable":true,"href":"https:\/\/fanrechtefonds.de\/blog\/wp-json\/wp\/v2\/users\/1"}],"replies":[{"embeddable":true,"href":"https:\/\/fanrechtefonds.de\/blog\/wp-json\/wp\/v2\/comments?post=78"}],"version-history":[{"count":3,"href":"https:\/\/fanrechtefonds.de\/blog\/wp-json\/wp\/v2\/posts\/78\/revisions"}],"predecessor-version":[{"id":81,"href":"https:\/\/fanrechtefonds.de\/blog\/wp-json\/wp\/v2\/posts\/78\/revisions\/81"}],"wp:attachment":[{"href":"https:\/\/fanrechtefonds.de\/blog\/wp-json\/wp\/v2\/media?parent=78"}],"wp:term":[{"taxonomy":"category","embeddable":true,"href":"https:\/\/fanrechtefonds.de\/blog\/wp-json\/wp\/v2\/categories?post=78"},{"taxonomy":"post_tag","embeddable":true,"href":"https:\/\/fanrechtefonds.de\/blog\/wp-json\/wp\/v2\/tags?post=78"}],"curies":[{"name":"wp","href":"https:\/\/api.w.org\/{rel}","templated":true}]}}