{"id":207,"date":"2018-09-05T11:25:26","date_gmt":"2018-09-05T09:25:26","guid":{"rendered":"https:\/\/fanrechtefonds.de\/blog\/?p=207"},"modified":"2018-09-05T12:34:30","modified_gmt":"2018-09-05T10:34:30","slug":"ingewahrsamnahme-von-werder-fans-durch-die-polizei-war-rechtswidrig","status":"publish","type":"post","link":"https:\/\/fanrechtefonds.de\/blog\/2018\/09\/05\/ingewahrsamnahme-von-werder-fans-durch-die-polizei-war-rechtswidrig\/","title":{"rendered":"Ingewahrsamnahme von Werder-Fans durch die Polizei war rechtswidrig"},"content":{"rendered":"<p><em>Oberlandesgericht Braunschweig gibt der Beschwerde eines Bremers statt, der auf dem Weg zu einem Ausw\u00e4rtsspiel in Wolfsburg in Gewahrsam genommen worden war<\/em><\/p>\n<p>Mit Beschluss vom 30.08.2018 (<a href=\"http:\/\/fanrechtefonds.de\/download\/urteile\/2018-08-30_OLG_Braunschweig_Ingewahrsamnahme_rechtswidrig.pdf\">Aktenzeichen 1 W 114\/17<\/a>), der nun zugestellt wurde, hat das OLG Braunschweig entschieden, dass eine Ingewahrsamnahme von Werder- Fans rechtswidrig war. Die Bremer wollten am 24.02.2017 mit einem angemieteten Bus zum Ausw\u00e4rtsspiel in Wolfsburg reisen und waren kurz vor ihrem Ziel an der Autobahn abgefangen, stundenlang kontrolliert und schlie\u00dflich \u2013 ohne das Spiel sehen zu k\u00f6nnen \u2013 zur\u00fcck nach Bremen eskortiert worden.<\/p>\n<p>Begr\u00fcndet wurde die polizeiliche Ma\u00dfnahme mit Schmierereien an einer Rastst\u00e4tte durch unbekannt gebliebene T\u00e4ter. Man verd\u00e4chtigte die Businsassen, die man zudem der Ultra- Szene zuordnete, und meinte, von ihnen allen w\u00fcrde daher die Gefahr k\u00fcnftiger Straftaten ausgehen.<\/p>\n<p>W\u00e4hrend das Amtsgericht Wolfsburg in seinem Beschluss im Juni 2017 noch meinte, die polizeilichen Ma\u00dfnahmen seien rechtm\u00e4\u00dfig gewesen, gibt das OLG dem betroffenen Fu\u00dfball-Fan nun recht. Er hatte mit Unterst\u00fctzung des bundesweiten <em>Fanrechtefonds <\/em>gegen den amtsgerichtlichen Beschluss Beschwerde eingelegt, \u00fcber die das OLG zu entscheiden hatte. Das Oberlandesgericht erkl\u00e4rt sowohl die Ingewahrsamnahme als auch das von der Polizei ausgesprochene Betretungsverbot f\u00fcr die Stadt Wolfsburg f\u00fcr rechtswidrig.<\/p>\n<p>Das OLG f\u00fchrt in seinem Beschluss aus, dass es nicht ausreichend Anhaltspunkte daf\u00fcr\u00a0 gab, dass die Begehung von Straftaten durch den betroffenen Fu\u00dfballfan unmittelbar bevorstand. So reiche etwa die Zuordnung einer Person zur Ultra-Szene oder die gemeinsame Anreise mit Personen, die bereits polizeilich in Erscheinung getreten sind, nicht zur Begr\u00fcndung einer derartigen Gefahrenprognose aus. Sogar wenn man davon ausgehen k\u00f6nne, dass Straftaten aus einer Gruppe heraus begangen werden sollen, rechtfertige dies nicht den Gewahrsam pauschal gegen jedes Mitglied dieser Gruppe.<\/p>\n<p>Auch den zwangsweisen, von der Polizei eng begleiteten R\u00fcckweg des Werder-Fan-Busses nach Bremen wertete das OLG zu Recht als Gewahrsamnahme.<\/p>\n<p>\u201eDas OLG stellt in seinem Beschluss klar, dass eine Sippenhaft von Fu\u00dfballfans nicht zul\u00e4ssig ist. Das ist erfreulich und sendet hoffentlich ein deutliches Signal, denn die Fahrt nach Wolfsburg war nicht das einzige Mal, dass Werder-Fans in den letzten Jahren mit pauschalen Begr\u00fcndungen massenhaft in Gewahrsam genommen wurden. Au\u00dferdem zeigt der Beschluss, dass es sich durchaus lohnen kann, den Rechtsweg zu beschreiten.\u201c erkl\u00e4rt <a href=\"https:\/\/www.strafverteidiger-bremen.de\/41-0-Lea-Voigt.html\">Rechtsanw\u00e4ltin Lea Voigt<\/a>, die den Betroffenen vertritt.<\/p>\n<p>Wilko Zicht vom Fanrechtefonds betont die \u00fcber den Einzelfall hinausgehende Bedeutung der OLG-Entscheidung: \u201eSeit einigen Jahren nutzt die Polizei deutschlandweit immer \u00f6fter Bagatell-Vorf\u00e4lle auf der Anreise als Vorwand, um gegen gr\u00f6\u00dfere Gruppen von G\u00e4stefans ein Aufenthaltsverbot f\u00fcr den Spielort zu verh\u00e4ngen und sie zu zwingen, mit dem Bus oder Zug wieder nach Hause zu fahren, ohne das Spiel zu sehen. Das OLG erteilt dieser rechtswidrigen Polizeipraxis eine klare Absage. Pauschale Ingewahrsamnahmen und Aufenthaltsverbote sind unzul\u00e4ssig. Nach den Ma\u00dfst\u00e4ben des OLG sind zahlreiche \u00e4hnliche Polizeima\u00dfnahmen der vergangenen Jahre als rechtswidrig anzusehen. Wenn Straftaten begangen werden, sind diese von der Polizei aufzukl\u00e4ren, aber bitte sch\u00f6n ohne Kollektivstrafen im Gewand der Gefahrenabwehr. Die Entscheidung des OLG ist ein Sieg des Rechtsstaats gegen eine Polizei, die meint, sich im Umgang mit Ultras nicht an die Gesetze halten zu m\u00fcssen.\u201c<\/p>\n<p><a href=\"http:\/\/fanrechtefonds.de\/download\/urteile\/2018-08-30_OLG_Braunschweig_Ingewahrsamnahme_rechtswidrig.pdf\">OLG Braunschweig, Beschluss vom 30. August 2018, Az.\u00a01 W 114\/17<\/a><\/p>\n<p><a href=\"http:\/\/intesa-verde.de\/mit-uns-nicht\/\">\u201eMit uns nicht\u201c \u2013 Stellungnahme der Bremer Ultragruppen L\u2018Intesa Verde &amp; UltrA-Team Bremen 2002<\/a><\/p>\n","protected":false},"excerpt":{"rendered":"<p>Oberlandesgericht Braunschweig gibt der Beschwerde eines Bremers statt, der auf dem Weg zu einem Ausw\u00e4rtsspiel in Wolfsburg in Gewahrsam genommen worden war Mit Beschluss vom 30.08.2018 (Aktenzeichen 1 W 114\/17), der nun zugestellt wurde, hat das OLG Braunschweig entschieden, dass &hellip; <a href=\"https:\/\/fanrechtefonds.de\/blog\/2018\/09\/05\/ingewahrsamnahme-von-werder-fans-durch-die-polizei-war-rechtswidrig\/\">Weiter<\/a><\/p>\n","protected":false},"author":2,"featured_media":0,"comment_status":"closed","ping_status":"closed","sticky":false,"template":"","format":"standard","meta":{"kt_blocks_editor_width":"","footnotes":""},"categories":[1,5,2],"tags":[],"class_list":["post-207","post","type-post","status-publish","format-standard","hentry","category-allgemein","category-faelle","category-pressemitteilung"],"yoast_head":"<!-- This site is optimized with the Yoast SEO plugin v27.5 - https:\/\/yoast.com\/product\/yoast-seo-wordpress\/ -->\n<title>Ingewahrsamnahme von Werder-Fans durch die Polizei war rechtswidrig - Fanrechtefonds<\/title>\n<meta name=\"robots\" content=\"index, follow, max-snippet:-1, max-image-preview:large, max-video-preview:-1\" \/>\n<link rel=\"canonical\" href=\"https:\/\/fanrechtefonds.de\/blog\/2018\/09\/05\/ingewahrsamnahme-von-werder-fans-durch-die-polizei-war-rechtswidrig\/\" \/>\n<meta property=\"og:locale\" content=\"de_DE\" \/>\n<meta property=\"og:type\" content=\"article\" \/>\n<meta property=\"og:title\" content=\"Ingewahrsamnahme von Werder-Fans durch die Polizei war rechtswidrig - Fanrechtefonds\" \/>\n<meta property=\"og:description\" content=\"Oberlandesgericht Braunschweig gibt der Beschwerde eines Bremers statt, der auf dem Weg zu einem Ausw\u00e4rtsspiel in Wolfsburg in Gewahrsam genommen worden war Mit Beschluss vom 30.08.2018 (Aktenzeichen 1 W 114\/17), der nun zugestellt wurde, hat das OLG Braunschweig entschieden, dass &hellip; Weiter\" \/>\n<meta property=\"og:url\" content=\"https:\/\/fanrechtefonds.de\/blog\/2018\/09\/05\/ingewahrsamnahme-von-werder-fans-durch-die-polizei-war-rechtswidrig\/\" \/>\n<meta property=\"og:site_name\" content=\"Fanrechtefonds\" \/>\n<meta property=\"article:published_time\" content=\"2018-09-05T09:25:26+00:00\" \/>\n<meta property=\"article:modified_time\" content=\"2018-09-05T10:34:30+00:00\" \/>\n<meta property=\"og:image\" content=\"https:\/\/fanrechtefonds.de\/blog\/wp-content\/uploads\/2021\/04\/Logo_200x200.png\" \/>\n\t<meta property=\"og:image:width\" content=\"400\" \/>\n\t<meta property=\"og:image:height\" content=\"400\" \/>\n\t<meta property=\"og:image:type\" content=\"image\/png\" \/>\n<meta name=\"author\" content=\"Wilko Zicht\" \/>\n<meta name=\"twitter:card\" content=\"summary_large_image\" \/>\n<meta name=\"twitter:label1\" content=\"Verfasst von\" \/>\n\t<meta name=\"twitter:data1\" content=\"Wilko Zicht\" \/>\n\t<meta name=\"twitter:label2\" content=\"Gesch\u00e4tzte Lesezeit\" \/>\n\t<meta name=\"twitter:data2\" content=\"3\u00a0Minuten\" \/>\n<script type=\"application\/ld+json\" class=\"yoast-schema-graph\">{\"@context\":\"https:\\\/\\\/schema.org\",\"@graph\":[{\"@type\":\"Article\",\"@id\":\"https:\\\/\\\/fanrechtefonds.de\\\/blog\\\/2018\\\/09\\\/05\\\/ingewahrsamnahme-von-werder-fans-durch-die-polizei-war-rechtswidrig\\\/#article\",\"isPartOf\":{\"@id\":\"https:\\\/\\\/fanrechtefonds.de\\\/blog\\\/2018\\\/09\\\/05\\\/ingewahrsamnahme-von-werder-fans-durch-die-polizei-war-rechtswidrig\\\/\"},\"author\":{\"name\":\"Wilko Zicht\",\"@id\":\"https:\\\/\\\/fanrechtefonds.de\\\/blog\\\/#\\\/schema\\\/person\\\/3bbc13a6b0ffaa0db935ce17aa5da9f0\"},\"headline\":\"Ingewahrsamnahme von Werder-Fans durch die Polizei war rechtswidrig\",\"datePublished\":\"2018-09-05T09:25:26+00:00\",\"dateModified\":\"2018-09-05T10:34:30+00:00\",\"mainEntityOfPage\":{\"@id\":\"https:\\\/\\\/fanrechtefonds.de\\\/blog\\\/2018\\\/09\\\/05\\\/ingewahrsamnahme-von-werder-fans-durch-die-polizei-war-rechtswidrig\\\/\"},\"wordCount\":561,\"articleSection\":{\"1\":\"F\u00e4lle\",\"2\":\"Pressemitteilung\"},\"inLanguage\":\"de\"},{\"@type\":\"WebPage\",\"@id\":\"https:\\\/\\\/fanrechtefonds.de\\\/blog\\\/2018\\\/09\\\/05\\\/ingewahrsamnahme-von-werder-fans-durch-die-polizei-war-rechtswidrig\\\/\",\"url\":\"https:\\\/\\\/fanrechtefonds.de\\\/blog\\\/2018\\\/09\\\/05\\\/ingewahrsamnahme-von-werder-fans-durch-die-polizei-war-rechtswidrig\\\/\",\"name\":\"Ingewahrsamnahme von Werder-Fans durch die Polizei war rechtswidrig - Fanrechtefonds\",\"isPartOf\":{\"@id\":\"https:\\\/\\\/fanrechtefonds.de\\\/blog\\\/#website\"},\"datePublished\":\"2018-09-05T09:25:26+00:00\",\"dateModified\":\"2018-09-05T10:34:30+00:00\",\"author\":{\"@id\":\"https:\\\/\\\/fanrechtefonds.de\\\/blog\\\/#\\\/schema\\\/person\\\/3bbc13a6b0ffaa0db935ce17aa5da9f0\"},\"breadcrumb\":{\"@id\":\"https:\\\/\\\/fanrechtefonds.de\\\/blog\\\/2018\\\/09\\\/05\\\/ingewahrsamnahme-von-werder-fans-durch-die-polizei-war-rechtswidrig\\\/#breadcrumb\"},\"inLanguage\":\"de\",\"potentialAction\":[{\"@type\":\"ReadAction\",\"target\":[\"https:\\\/\\\/fanrechtefonds.de\\\/blog\\\/2018\\\/09\\\/05\\\/ingewahrsamnahme-von-werder-fans-durch-die-polizei-war-rechtswidrig\\\/\"]}]},{\"@type\":\"BreadcrumbList\",\"@id\":\"https:\\\/\\\/fanrechtefonds.de\\\/blog\\\/2018\\\/09\\\/05\\\/ingewahrsamnahme-von-werder-fans-durch-die-polizei-war-rechtswidrig\\\/#breadcrumb\",\"itemListElement\":[{\"@type\":\"ListItem\",\"position\":1,\"name\":\"Startseite\",\"item\":\"https:\\\/\\\/fanrechtefonds.de\\\/blog\\\/\"},{\"@type\":\"ListItem\",\"position\":2,\"name\":\"Ingewahrsamnahme von Werder-Fans durch die Polizei war rechtswidrig\"}]},{\"@type\":\"WebSite\",\"@id\":\"https:\\\/\\\/fanrechtefonds.de\\\/blog\\\/#website\",\"url\":\"https:\\\/\\\/fanrechtefonds.de\\\/blog\\\/\",\"name\":\"Fanrechtefonds\",\"description\":\"Fanrechtefonds\",\"potentialAction\":[{\"@type\":\"SearchAction\",\"target\":{\"@type\":\"EntryPoint\",\"urlTemplate\":\"https:\\\/\\\/fanrechtefonds.de\\\/blog\\\/?s={search_term_string}\"},\"query-input\":{\"@type\":\"PropertyValueSpecification\",\"valueRequired\":true,\"valueName\":\"search_term_string\"}}],\"inLanguage\":\"de\"},{\"@type\":\"Person\",\"@id\":\"https:\\\/\\\/fanrechtefonds.de\\\/blog\\\/#\\\/schema\\\/person\\\/3bbc13a6b0ffaa0db935ce17aa5da9f0\",\"name\":\"Wilko Zicht\",\"url\":\"https:\\\/\\\/fanrechtefonds.de\\\/blog\\\/author\\\/wilkozicht-de\\\/\"}]}<\/script>\n<!-- \/ Yoast SEO plugin. -->","yoast_head_json":{"title":"Ingewahrsamnahme von Werder-Fans durch die Polizei war rechtswidrig - Fanrechtefonds","robots":{"index":"index","follow":"follow","max-snippet":"max-snippet:-1","max-image-preview":"max-image-preview:large","max-video-preview":"max-video-preview:-1"},"canonical":"https:\/\/fanrechtefonds.de\/blog\/2018\/09\/05\/ingewahrsamnahme-von-werder-fans-durch-die-polizei-war-rechtswidrig\/","og_locale":"de_DE","og_type":"article","og_title":"Ingewahrsamnahme von Werder-Fans durch die Polizei war rechtswidrig - Fanrechtefonds","og_description":"Oberlandesgericht Braunschweig gibt der Beschwerde eines Bremers statt, der auf dem Weg zu einem Ausw\u00e4rtsspiel in Wolfsburg in Gewahrsam genommen worden war Mit Beschluss vom 30.08.2018 (Aktenzeichen 1 W 114\/17), der nun zugestellt wurde, hat das OLG Braunschweig entschieden, dass &hellip; Weiter","og_url":"https:\/\/fanrechtefonds.de\/blog\/2018\/09\/05\/ingewahrsamnahme-von-werder-fans-durch-die-polizei-war-rechtswidrig\/","og_site_name":"Fanrechtefonds","article_published_time":"2018-09-05T09:25:26+00:00","article_modified_time":"2018-09-05T10:34:30+00:00","og_image":[{"width":400,"height":400,"url":"https:\/\/fanrechtefonds.de\/blog\/wp-content\/uploads\/2021\/04\/Logo_200x200.png","type":"image\/png"}],"author":"Wilko Zicht","twitter_card":"summary_large_image","twitter_misc":{"Verfasst von":"Wilko Zicht","Gesch\u00e4tzte Lesezeit":"3\u00a0Minuten"},"schema":{"@context":"https:\/\/schema.org","@graph":[{"@type":"Article","@id":"https:\/\/fanrechtefonds.de\/blog\/2018\/09\/05\/ingewahrsamnahme-von-werder-fans-durch-die-polizei-war-rechtswidrig\/#article","isPartOf":{"@id":"https:\/\/fanrechtefonds.de\/blog\/2018\/09\/05\/ingewahrsamnahme-von-werder-fans-durch-die-polizei-war-rechtswidrig\/"},"author":{"name":"Wilko Zicht","@id":"https:\/\/fanrechtefonds.de\/blog\/#\/schema\/person\/3bbc13a6b0ffaa0db935ce17aa5da9f0"},"headline":"Ingewahrsamnahme von Werder-Fans durch die Polizei war rechtswidrig","datePublished":"2018-09-05T09:25:26+00:00","dateModified":"2018-09-05T10:34:30+00:00","mainEntityOfPage":{"@id":"https:\/\/fanrechtefonds.de\/blog\/2018\/09\/05\/ingewahrsamnahme-von-werder-fans-durch-die-polizei-war-rechtswidrig\/"},"wordCount":561,"articleSection":{"1":"F\u00e4lle","2":"Pressemitteilung"},"inLanguage":"de"},{"@type":"WebPage","@id":"https:\/\/fanrechtefonds.de\/blog\/2018\/09\/05\/ingewahrsamnahme-von-werder-fans-durch-die-polizei-war-rechtswidrig\/","url":"https:\/\/fanrechtefonds.de\/blog\/2018\/09\/05\/ingewahrsamnahme-von-werder-fans-durch-die-polizei-war-rechtswidrig\/","name":"Ingewahrsamnahme von Werder-Fans durch die Polizei war rechtswidrig - Fanrechtefonds","isPartOf":{"@id":"https:\/\/fanrechtefonds.de\/blog\/#website"},"datePublished":"2018-09-05T09:25:26+00:00","dateModified":"2018-09-05T10:34:30+00:00","author":{"@id":"https:\/\/fanrechtefonds.de\/blog\/#\/schema\/person\/3bbc13a6b0ffaa0db935ce17aa5da9f0"},"breadcrumb":{"@id":"https:\/\/fanrechtefonds.de\/blog\/2018\/09\/05\/ingewahrsamnahme-von-werder-fans-durch-die-polizei-war-rechtswidrig\/#breadcrumb"},"inLanguage":"de","potentialAction":[{"@type":"ReadAction","target":["https:\/\/fanrechtefonds.de\/blog\/2018\/09\/05\/ingewahrsamnahme-von-werder-fans-durch-die-polizei-war-rechtswidrig\/"]}]},{"@type":"BreadcrumbList","@id":"https:\/\/fanrechtefonds.de\/blog\/2018\/09\/05\/ingewahrsamnahme-von-werder-fans-durch-die-polizei-war-rechtswidrig\/#breadcrumb","itemListElement":[{"@type":"ListItem","position":1,"name":"Startseite","item":"https:\/\/fanrechtefonds.de\/blog\/"},{"@type":"ListItem","position":2,"name":"Ingewahrsamnahme von Werder-Fans durch die Polizei war rechtswidrig"}]},{"@type":"WebSite","@id":"https:\/\/fanrechtefonds.de\/blog\/#website","url":"https:\/\/fanrechtefonds.de\/blog\/","name":"Fanrechtefonds","description":"Fanrechtefonds","potentialAction":[{"@type":"SearchAction","target":{"@type":"EntryPoint","urlTemplate":"https:\/\/fanrechtefonds.de\/blog\/?s={search_term_string}"},"query-input":{"@type":"PropertyValueSpecification","valueRequired":true,"valueName":"search_term_string"}}],"inLanguage":"de"},{"@type":"Person","@id":"https:\/\/fanrechtefonds.de\/blog\/#\/schema\/person\/3bbc13a6b0ffaa0db935ce17aa5da9f0","name":"Wilko Zicht","url":"https:\/\/fanrechtefonds.de\/blog\/author\/wilkozicht-de\/"}]}},"_links":{"self":[{"href":"https:\/\/fanrechtefonds.de\/blog\/wp-json\/wp\/v2\/posts\/207","targetHints":{"allow":["GET"]}}],"collection":[{"href":"https:\/\/fanrechtefonds.de\/blog\/wp-json\/wp\/v2\/posts"}],"about":[{"href":"https:\/\/fanrechtefonds.de\/blog\/wp-json\/wp\/v2\/types\/post"}],"author":[{"embeddable":true,"href":"https:\/\/fanrechtefonds.de\/blog\/wp-json\/wp\/v2\/users\/2"}],"replies":[{"embeddable":true,"href":"https:\/\/fanrechtefonds.de\/blog\/wp-json\/wp\/v2\/comments?post=207"}],"version-history":[{"count":6,"href":"https:\/\/fanrechtefonds.de\/blog\/wp-json\/wp\/v2\/posts\/207\/revisions"}],"predecessor-version":[{"id":213,"href":"https:\/\/fanrechtefonds.de\/blog\/wp-json\/wp\/v2\/posts\/207\/revisions\/213"}],"wp:attachment":[{"href":"https:\/\/fanrechtefonds.de\/blog\/wp-json\/wp\/v2\/media?parent=207"}],"wp:term":[{"taxonomy":"category","embeddable":true,"href":"https:\/\/fanrechtefonds.de\/blog\/wp-json\/wp\/v2\/categories?post=207"},{"taxonomy":"post_tag","embeddable":true,"href":"https:\/\/fanrechtefonds.de\/blog\/wp-json\/wp\/v2\/tags?post=207"}],"curies":[{"name":"wp","href":"https:\/\/api.w.org\/{rel}","templated":true}]}}