{"id":110,"date":"2011-11-30T12:30:07","date_gmt":"2011-11-30T11:30:07","guid":{"rendered":"http:\/\/fanrechtefonds.de\/blog\/?p=110"},"modified":"2016-08-24T13:47:39","modified_gmt":"2016-08-24T11:47:39","slug":"dialog-statt-populismus","status":"publish","type":"post","link":"https:\/\/fanrechtefonds.de\/blog\/2011\/11\/30\/dialog-statt-populismus\/","title":{"rendered":"Dialog statt Populismus"},"content":{"rendered":"<div class=\"infoBox\">\n<h4><strong>Wir dokumentieren an dieser Stelle eine Pressemitteilung der Arbeitsgemeinschaft Fananw\u00e4lte, in der auch die meisten der Rechtsanw\u00e4lte organisiert sind, die Mitglied im Beirat des Fanrechtefonds sind. Die AG Fananw\u00e4lte fordert eine differenzierte Sicht auf die Vorf\u00e4lle in und au\u00dferhalb der Stadien: Dialog statt Populismus<\/strong><\/h4>\n<p>Mit Verwunderung nimmt die AG Fan\u00e4nw\u00e4lte zur Kenntnis, dass die Fu\u00dfballverb\u00e4nde (DFB und DFL) nun das Gespr\u00e4ch mit den Generalstaatsanwaltschaften und sogar dem Generalbundesanwalt suchen und dort offenbar f\u00fcr eine &#8222;h\u00e4rtere Gangart der Justiz&#8220; werben wollen.<\/p>\n<p>Wenn der Kollege Dr. Rauball \u00f6ffentlich \u00fcber die angeblich zu weit gehende &#8222;Nachsicht sehr verst\u00e4ndnisvoller Gerichte&#8220; fabuliert und sich zum Beleg f\u00fcr diese These allein auf angebliche Stimmen aus der &#8222;Bev\u00f6lkerung&#8220; beruft, offenbart er nicht nur seinen Hang zu Populismus, sondern vor allem eine weitgehende Unkenntnis der Materie. Nach den Erfahrungen der Mitglieder der AG Fananw\u00e4lte existiert bereits heute an fast allen Fu\u00dfballstandorten eine Art &#8222;Sonderstrafrecht&#8220; f\u00fcr Fu\u00dfballfans. Dieses ist dadurch gekennzeichnet, dass aus generalpr\u00e4ventiven \u00dcberlegungen heraus auch bei Bagatelldelikten keine Einstellung erfolgt, dass auch bei Erstt\u00e4tern Haftstrafen verh\u00e4ngt werden usw.<\/p>\n<p>Der Gespr\u00e4chswunsch der Verb\u00e4nde mit den Strafverfolgungsbeh\u00f6rden irritiert aber vor allem auch deshalb, weil dieselben Verb\u00e4nde gerade erst den Dialog mit der Initiative &#8222;Pyrotechnik legalisieren \u2013 Emotionen respektieren&#8220; beendet haben \u2013 und damit unzweifelhaft einen wesentlichen Beitrag zur Versch\u00e4rfung der Lage leisteten, zu deren Bew\u00e4ltigung jetzt nach der Justiz gerufen wird.<\/p>\n<p>Bislang waren vor allem die Polizeigewerkschaften dadurch aufgefallen, dass sich ihre F\u00fchrungspersonen regelm\u00e4\u00dfig mit sensationsheischenden populistischen Stellungnahmen zum Thema der Sicherheit bei Fu\u00dfballspielen \u00e4u\u00dfern. Dass sie dabei auch die Forderung nach einer Kostenbeteiligung der Vereine erheben, erregt bekanntlich den Unmut der Fu\u00dfballverb\u00e4nde und \u2013vereine.<\/p>\n<p>Wenn nun aber DFB und DFL es f\u00fcr eine sinnvolle Strategie halten, den Populismus der Polizeigewerkschaften noch zu \u00fcbertrumpfen und lediglich die eine populistische Forderung \u2013 Kostentragung der Vereine f\u00fcr Polizeieins\u00e4tze \u2013 durch eine andere ebenso populistische Forderung \u2013 den Ruf nach einer \u201eh\u00e4rteren Gangart\u201c der Justiz \u2013 zu ersetzen, so begibt man sich auf einen gef\u00e4hrlichen Irrweg.<\/p>\n<p>Wer ernsthaft an einer L\u00f6sung bestimmter Probleme rund um den Fu\u00dfball interessiert ist, f\u00fcr den kann es zum Dialog keine Alternative geben. Wer immer wieder den Prozess einer &#8222;Selbstregulierung&#8220; der Fanszenen fordert, sollte einen Zusammenschluss von \u00fcber 150 Ultragruppierungen verschiedener Vereine als Gespr\u00e4chspartner ernster nehmen.<\/p>\n<p>Wenn statt dessen jetzt verschiedene Manager und Funktion\u00e4re des Profifu\u00dfballs immer \u00f6fter \u00f6ffentlich \u00fcber eine Ausgrenzung ganzer Fangruppen (durch Abschaffung von Stehpl\u00e4tzen oder Preiserh\u00f6hungen, durch den Ausschluss von G\u00e4stefans etc.) nachdenken, so wird das keinesfalls zu einer Befriedung der Fanszenen beitragen. Im Gegenteil: wenn weite Teile der Fans sich nicht ernst genommen f\u00fchlen, als unerw\u00fcnscht gelten, \u00fcbertriebene staatliche Repression sowie lediglich auf Verdacht ausgesprochenen mehrj\u00e4hrige Stadionverbote erfahren und auch medial nur als dumpfe unerreichbare Gewaltt\u00e4ter wahrgenommen und dargestellt werden, so leistet man eher einer Radikalisierung der Betroffenen Vorschub. Am Ende stehen weitere Gewaltausbr\u00fcche und erneut der Ruf nach mehr Repression und Ausgrenzung.<\/p>\n<p>Die \u201eArbeitsgemeinschaft Fananw\u00e4lte\u201c fordert deshalb die Fu\u00dfballverb\u00e4nde auf, den Dialog nicht nur mit Staatsanw\u00e4lten und Innenministern zu suchen, sondern diesen auch mit den betroffenen, dialogbereiten Fans zu f\u00fchren. Insbesondere die Gespr\u00e4che mit der Initiative \u201ePyrotechnik legalisieren. Emotionen respektieren\u201c sollten konstruktiv fortgesetzt und wieder aufgenommen werden. Alle Verantwortlichen m\u00fcssen einsehen, dass mehr Populismus und noch mehr Repression kein praxistaugliches Konzept f\u00fcr den Umgang mit Fans ist, sondern bestehende Probleme nur versch\u00e4rft und einer Radikalisierung Vorschub leistet.<\/p>\n<p>&nbsp;<\/p>\n<p>30. Oktober 2011<br \/>\nArbeitsgemeinschaft Fananw\u00e4lte<\/p>\n<p>&nbsp;<\/p>\n<p><em>Die \u201eArbeitsgemeinschaft Fananw\u00e4lte\u201c ist ein Zusammenschluss von Rechtsanw\u00e4ltinnen und Rechtsanw\u00e4lten, die regelm\u00e4\u00dfig Fu\u00dfballfans vertreten und selbst zum Teil jahrelange Erfahrung in den Fankurven haben. Weitere Informationen unter www.fananwaelte.de<\/em><\/div>\n","protected":false},"excerpt":{"rendered":"<p>Wir dokumentieren an dieser Stelle eine Pressemitteilung der Arbeitsgemeinschaft Fananw\u00e4lte, in der auch die meisten der Rechtsanw\u00e4lte organisiert sind, die Mitglied im Beirat des Fanrechtefonds sind. Die AG Fananw\u00e4lte fordert eine differenzierte Sicht auf die Vorf\u00e4lle in und au\u00dferhalb der &hellip; <a href=\"https:\/\/fanrechtefonds.de\/blog\/2011\/11\/30\/dialog-statt-populismus\/\">Weiter<\/a><\/p>\n","protected":false},"author":1,"featured_media":0,"comment_status":"closed","ping_status":"closed","sticky":false,"template":"","format":"standard","meta":{"kt_blocks_editor_width":"","footnotes":""},"categories":[1,2],"tags":[],"class_list":["post-110","post","type-post","status-publish","format-standard","hentry","category-allgemein","category-pressemitteilung"],"yoast_head":"<!-- This site is optimized with the Yoast SEO plugin v27.5 - https:\/\/yoast.com\/product\/yoast-seo-wordpress\/ -->\n<title>Dialog statt Populismus - Fanrechtefonds<\/title>\n<meta name=\"robots\" content=\"index, follow, max-snippet:-1, max-image-preview:large, max-video-preview:-1\" \/>\n<link rel=\"canonical\" href=\"https:\/\/fanrechtefonds.de\/blog\/2011\/11\/30\/dialog-statt-populismus\/\" \/>\n<meta property=\"og:locale\" content=\"de_DE\" \/>\n<meta property=\"og:type\" content=\"article\" \/>\n<meta property=\"og:title\" content=\"Dialog statt Populismus - Fanrechtefonds\" \/>\n<meta property=\"og:description\" content=\"Wir dokumentieren an dieser Stelle eine Pressemitteilung der Arbeitsgemeinschaft Fananw\u00e4lte, in der auch die meisten der Rechtsanw\u00e4lte organisiert sind, die Mitglied im Beirat des Fanrechtefonds sind. Die AG Fananw\u00e4lte fordert eine differenzierte Sicht auf die Vorf\u00e4lle in und au\u00dferhalb der &hellip; Weiter\" \/>\n<meta property=\"og:url\" content=\"https:\/\/fanrechtefonds.de\/blog\/2011\/11\/30\/dialog-statt-populismus\/\" \/>\n<meta property=\"og:site_name\" content=\"Fanrechtefonds\" \/>\n<meta property=\"article:published_time\" content=\"2011-11-30T11:30:07+00:00\" \/>\n<meta property=\"article:modified_time\" content=\"2016-08-24T11:47:39+00:00\" \/>\n<meta property=\"og:image\" content=\"https:\/\/fanrechtefonds.de\/blog\/wp-content\/uploads\/2021\/04\/Logo_200x200.png\" \/>\n\t<meta property=\"og:image:width\" content=\"400\" \/>\n\t<meta property=\"og:image:height\" content=\"400\" \/>\n\t<meta property=\"og:image:type\" content=\"image\/png\" \/>\n<meta name=\"author\" content=\"frf_admin\" \/>\n<meta name=\"twitter:card\" content=\"summary_large_image\" \/>\n<meta name=\"twitter:label1\" content=\"Verfasst von\" \/>\n\t<meta name=\"twitter:data1\" content=\"frf_admin\" \/>\n\t<meta name=\"twitter:label2\" content=\"Gesch\u00e4tzte Lesezeit\" \/>\n\t<meta name=\"twitter:data2\" content=\"3\u00a0Minuten\" \/>\n<script type=\"application\/ld+json\" class=\"yoast-schema-graph\">{\"@context\":\"https:\\\/\\\/schema.org\",\"@graph\":[{\"@type\":\"Article\",\"@id\":\"https:\\\/\\\/fanrechtefonds.de\\\/blog\\\/2011\\\/11\\\/30\\\/dialog-statt-populismus\\\/#article\",\"isPartOf\":{\"@id\":\"https:\\\/\\\/fanrechtefonds.de\\\/blog\\\/2011\\\/11\\\/30\\\/dialog-statt-populismus\\\/\"},\"author\":{\"name\":\"frf_admin\",\"@id\":\"https:\\\/\\\/fanrechtefonds.de\\\/blog\\\/#\\\/schema\\\/person\\\/91b6657ceb27de14698a8730cfdf5463\"},\"headline\":\"Dialog statt Populismus\",\"datePublished\":\"2011-11-30T11:30:07+00:00\",\"dateModified\":\"2016-08-24T11:47:39+00:00\",\"mainEntityOfPage\":{\"@id\":\"https:\\\/\\\/fanrechtefonds.de\\\/blog\\\/2011\\\/11\\\/30\\\/dialog-statt-populismus\\\/\"},\"wordCount\":645,\"articleSection\":{\"1\":\"Pressemitteilung\"},\"inLanguage\":\"de\"},{\"@type\":\"WebPage\",\"@id\":\"https:\\\/\\\/fanrechtefonds.de\\\/blog\\\/2011\\\/11\\\/30\\\/dialog-statt-populismus\\\/\",\"url\":\"https:\\\/\\\/fanrechtefonds.de\\\/blog\\\/2011\\\/11\\\/30\\\/dialog-statt-populismus\\\/\",\"name\":\"Dialog statt Populismus - Fanrechtefonds\",\"isPartOf\":{\"@id\":\"https:\\\/\\\/fanrechtefonds.de\\\/blog\\\/#website\"},\"datePublished\":\"2011-11-30T11:30:07+00:00\",\"dateModified\":\"2016-08-24T11:47:39+00:00\",\"author\":{\"@id\":\"https:\\\/\\\/fanrechtefonds.de\\\/blog\\\/#\\\/schema\\\/person\\\/91b6657ceb27de14698a8730cfdf5463\"},\"breadcrumb\":{\"@id\":\"https:\\\/\\\/fanrechtefonds.de\\\/blog\\\/2011\\\/11\\\/30\\\/dialog-statt-populismus\\\/#breadcrumb\"},\"inLanguage\":\"de\",\"potentialAction\":[{\"@type\":\"ReadAction\",\"target\":[\"https:\\\/\\\/fanrechtefonds.de\\\/blog\\\/2011\\\/11\\\/30\\\/dialog-statt-populismus\\\/\"]}]},{\"@type\":\"BreadcrumbList\",\"@id\":\"https:\\\/\\\/fanrechtefonds.de\\\/blog\\\/2011\\\/11\\\/30\\\/dialog-statt-populismus\\\/#breadcrumb\",\"itemListElement\":[{\"@type\":\"ListItem\",\"position\":1,\"name\":\"Startseite\",\"item\":\"https:\\\/\\\/fanrechtefonds.de\\\/blog\\\/\"},{\"@type\":\"ListItem\",\"position\":2,\"name\":\"Dialog statt Populismus\"}]},{\"@type\":\"WebSite\",\"@id\":\"https:\\\/\\\/fanrechtefonds.de\\\/blog\\\/#website\",\"url\":\"https:\\\/\\\/fanrechtefonds.de\\\/blog\\\/\",\"name\":\"Fanrechtefonds\",\"description\":\"Fanrechtefonds\",\"potentialAction\":[{\"@type\":\"SearchAction\",\"target\":{\"@type\":\"EntryPoint\",\"urlTemplate\":\"https:\\\/\\\/fanrechtefonds.de\\\/blog\\\/?s={search_term_string}\"},\"query-input\":{\"@type\":\"PropertyValueSpecification\",\"valueRequired\":true,\"valueName\":\"search_term_string\"}}],\"inLanguage\":\"de\"},{\"@type\":\"Person\",\"@id\":\"https:\\\/\\\/fanrechtefonds.de\\\/blog\\\/#\\\/schema\\\/person\\\/91b6657ceb27de14698a8730cfdf5463\",\"name\":\"frf_admin\",\"url\":\"https:\\\/\\\/fanrechtefonds.de\\\/blog\\\/author\\\/frf_admin\\\/\"}]}<\/script>\n<!-- \/ Yoast SEO plugin. -->","yoast_head_json":{"title":"Dialog statt Populismus - Fanrechtefonds","robots":{"index":"index","follow":"follow","max-snippet":"max-snippet:-1","max-image-preview":"max-image-preview:large","max-video-preview":"max-video-preview:-1"},"canonical":"https:\/\/fanrechtefonds.de\/blog\/2011\/11\/30\/dialog-statt-populismus\/","og_locale":"de_DE","og_type":"article","og_title":"Dialog statt Populismus - Fanrechtefonds","og_description":"Wir dokumentieren an dieser Stelle eine Pressemitteilung der Arbeitsgemeinschaft Fananw\u00e4lte, in der auch die meisten der Rechtsanw\u00e4lte organisiert sind, die Mitglied im Beirat des Fanrechtefonds sind. Die AG Fananw\u00e4lte fordert eine differenzierte Sicht auf die Vorf\u00e4lle in und au\u00dferhalb der &hellip; Weiter","og_url":"https:\/\/fanrechtefonds.de\/blog\/2011\/11\/30\/dialog-statt-populismus\/","og_site_name":"Fanrechtefonds","article_published_time":"2011-11-30T11:30:07+00:00","article_modified_time":"2016-08-24T11:47:39+00:00","og_image":[{"width":400,"height":400,"url":"https:\/\/fanrechtefonds.de\/blog\/wp-content\/uploads\/2021\/04\/Logo_200x200.png","type":"image\/png"}],"author":"frf_admin","twitter_card":"summary_large_image","twitter_misc":{"Verfasst von":"frf_admin","Gesch\u00e4tzte Lesezeit":"3\u00a0Minuten"},"schema":{"@context":"https:\/\/schema.org","@graph":[{"@type":"Article","@id":"https:\/\/fanrechtefonds.de\/blog\/2011\/11\/30\/dialog-statt-populismus\/#article","isPartOf":{"@id":"https:\/\/fanrechtefonds.de\/blog\/2011\/11\/30\/dialog-statt-populismus\/"},"author":{"name":"frf_admin","@id":"https:\/\/fanrechtefonds.de\/blog\/#\/schema\/person\/91b6657ceb27de14698a8730cfdf5463"},"headline":"Dialog statt Populismus","datePublished":"2011-11-30T11:30:07+00:00","dateModified":"2016-08-24T11:47:39+00:00","mainEntityOfPage":{"@id":"https:\/\/fanrechtefonds.de\/blog\/2011\/11\/30\/dialog-statt-populismus\/"},"wordCount":645,"articleSection":{"1":"Pressemitteilung"},"inLanguage":"de"},{"@type":"WebPage","@id":"https:\/\/fanrechtefonds.de\/blog\/2011\/11\/30\/dialog-statt-populismus\/","url":"https:\/\/fanrechtefonds.de\/blog\/2011\/11\/30\/dialog-statt-populismus\/","name":"Dialog statt Populismus - Fanrechtefonds","isPartOf":{"@id":"https:\/\/fanrechtefonds.de\/blog\/#website"},"datePublished":"2011-11-30T11:30:07+00:00","dateModified":"2016-08-24T11:47:39+00:00","author":{"@id":"https:\/\/fanrechtefonds.de\/blog\/#\/schema\/person\/91b6657ceb27de14698a8730cfdf5463"},"breadcrumb":{"@id":"https:\/\/fanrechtefonds.de\/blog\/2011\/11\/30\/dialog-statt-populismus\/#breadcrumb"},"inLanguage":"de","potentialAction":[{"@type":"ReadAction","target":["https:\/\/fanrechtefonds.de\/blog\/2011\/11\/30\/dialog-statt-populismus\/"]}]},{"@type":"BreadcrumbList","@id":"https:\/\/fanrechtefonds.de\/blog\/2011\/11\/30\/dialog-statt-populismus\/#breadcrumb","itemListElement":[{"@type":"ListItem","position":1,"name":"Startseite","item":"https:\/\/fanrechtefonds.de\/blog\/"},{"@type":"ListItem","position":2,"name":"Dialog statt Populismus"}]},{"@type":"WebSite","@id":"https:\/\/fanrechtefonds.de\/blog\/#website","url":"https:\/\/fanrechtefonds.de\/blog\/","name":"Fanrechtefonds","description":"Fanrechtefonds","potentialAction":[{"@type":"SearchAction","target":{"@type":"EntryPoint","urlTemplate":"https:\/\/fanrechtefonds.de\/blog\/?s={search_term_string}"},"query-input":{"@type":"PropertyValueSpecification","valueRequired":true,"valueName":"search_term_string"}}],"inLanguage":"de"},{"@type":"Person","@id":"https:\/\/fanrechtefonds.de\/blog\/#\/schema\/person\/91b6657ceb27de14698a8730cfdf5463","name":"frf_admin","url":"https:\/\/fanrechtefonds.de\/blog\/author\/frf_admin\/"}]}},"_links":{"self":[{"href":"https:\/\/fanrechtefonds.de\/blog\/wp-json\/wp\/v2\/posts\/110","targetHints":{"allow":["GET"]}}],"collection":[{"href":"https:\/\/fanrechtefonds.de\/blog\/wp-json\/wp\/v2\/posts"}],"about":[{"href":"https:\/\/fanrechtefonds.de\/blog\/wp-json\/wp\/v2\/types\/post"}],"author":[{"embeddable":true,"href":"https:\/\/fanrechtefonds.de\/blog\/wp-json\/wp\/v2\/users\/1"}],"replies":[{"embeddable":true,"href":"https:\/\/fanrechtefonds.de\/blog\/wp-json\/wp\/v2\/comments?post=110"}],"version-history":[{"count":1,"href":"https:\/\/fanrechtefonds.de\/blog\/wp-json\/wp\/v2\/posts\/110\/revisions"}],"predecessor-version":[{"id":111,"href":"https:\/\/fanrechtefonds.de\/blog\/wp-json\/wp\/v2\/posts\/110\/revisions\/111"}],"wp:attachment":[{"href":"https:\/\/fanrechtefonds.de\/blog\/wp-json\/wp\/v2\/media?parent=110"}],"wp:term":[{"taxonomy":"category","embeddable":true,"href":"https:\/\/fanrechtefonds.de\/blog\/wp-json\/wp\/v2\/categories?post=110"},{"taxonomy":"post_tag","embeddable":true,"href":"https:\/\/fanrechtefonds.de\/blog\/wp-json\/wp\/v2\/tags?post=110"}],"curies":[{"name":"wp","href":"https:\/\/api.w.org\/{rel}","templated":true}]}}