{"id":106,"date":"2009-12-17T12:30:59","date_gmt":"2009-12-17T11:30:59","guid":{"rendered":"http:\/\/fanrechtefonds.de\/blog\/?p=106"},"modified":"2016-08-24T13:44:37","modified_gmt":"2016-08-24T11:44:37","slug":"verfassungsbeschwerde-gegen-stadionverbots-urteil-des-bgh","status":"publish","type":"post","link":"https:\/\/fanrechtefonds.de\/blog\/2009\/12\/17\/verfassungsbeschwerde-gegen-stadionverbots-urteil-des-bgh\/","title":{"rendered":"Verfassungsbeschwerde gegen Stadionverbots-Urteil des BGH"},"content":{"rendered":"<p>Mit Unterst\u00fctzung des Fanrechtefonds (www.fanrechtefonds.de) hat der betroffene FC Bayern-Fan Verfassungsbeschwerde gegen das BGH-Urteil vom 30.10.2009 eingelegt. Die Beschwerde hat der renommierten Stuttgarter Verfassungsrechts-Experte Rechtsanwalt Prof. Dr. R\u00fcdiger Zuck gefertigt und am 14.12.2009 beim Bundesverfassungsgericht in Karlsruhe eingereicht.<\/p>\n<p>Wir sind der Ansicht, dass der BGH das Urteil nicht nachvollziehbar begr\u00fcndet hat. Der BGH hat nicht angemessen ber\u00fccksichtigt, dass das Stadionverbot das Pers\u00f6nlichkeitsrecht des Betroffenen in hohem Ma\u00dfe verletzt, obwohl dieser nachweislich \u00fcberhaupt nichts weiter getan hat, als mit anderen nach dem Spiel zur S-Bahn zu laufen. Nicht nur, dass ihm f\u00fcr zwei Jahre -sogar bundesweit- verboten wurde ein Stadion bis hin zur Regionalliga zu betreten. Er hat als Folge des Stadionverbots auch noch seine Mitgliedschaft und Jahreskarte beim FC Bayern verloren und wird durch das Stadionverbot als &#8222;Fussballrowdy&#8220; abgestempelt, obwohl er dies nicht ist.<\/p>\n<p>Der BGH hat zwar grunds\u00e4tzlich best\u00e4tigt, dass die Grundrechte ihre Wirkung auch im Zivilrecht entfalten, wenn wie hier zwischen den DFB-Vereinen, die eine gewisse Monopolstellung haben, auf der einen Seite und einem 16-j\u00e4hrigen Fan auf der anderen ein ungleiches Vertragsverh\u00e4ltnis besteht. Der BGH hat aber unserer Ansicht nach nicht angemessen abgewogen, zwischen dem erheblichen Eingriff in die Pers\u00f6nlichkeitsrechte durch das Stadionverbot auf der einen Seite und der Tatsache, dass dem Betroffenen nachweislich kein Fehlverhalten vorgeworfen werden kann, auf der anderen Seite. Es steht fest, dass der Beschwerdef\u00fchrer nichts weiter getan hat, als zu den \u00f6ffentlichen Verkehrsmitteln zu gehen. Das bundesweite Stadionverbot hat dem Betroffenen nicht nur f\u00fcr 2 Jahre sein &#8222;Haupthobby&#8220; genommen, Heimspiele und Ausw\u00e4rtsspiele seines Lieblingsvereins im Stadion anzusehen, sondern hat auch sein Ansehen in der Gesellschaft besch\u00e4digt. Dies obwohl er sich noch nie etwas hat zu Schulden kommen lassen, wie sich aus den Ermittlungsakten ergibt. Dass das Ermittlungsverfahren aus Bequemlichkeit wegen geringer Schuld eingestellt worden ist, obwohl die Einstellung wegen erwiesener Unschuld geboten war, h\u00e4tte dem Betroffenen nicht zur Last gelegt werden d\u00fcrfen.<\/p>\n<p>RA Marco Noli, M\u00fcnchen den 17. Dezember 2009<\/p>\n","protected":false},"excerpt":{"rendered":"<p>Mit Unterst\u00fctzung des Fanrechtefonds (www.fanrechtefonds.de) hat der betroffene FC Bayern-Fan Verfassungsbeschwerde gegen das BGH-Urteil vom 30.10.2009 eingelegt. Die Beschwerde hat der renommierten Stuttgarter Verfassungsrechts-Experte Rechtsanwalt Prof. Dr. R\u00fcdiger Zuck gefertigt und am 14.12.2009 beim Bundesverfassungsgericht in Karlsruhe eingereicht. Wir sind &hellip; <a href=\"https:\/\/fanrechtefonds.de\/blog\/2009\/12\/17\/verfassungsbeschwerde-gegen-stadionverbots-urteil-des-bgh\/\">Weiter<\/a><\/p>\n","protected":false},"author":1,"featured_media":0,"comment_status":"closed","ping_status":"closed","sticky":false,"template":"","format":"standard","meta":{"kt_blocks_editor_width":"","footnotes":""},"categories":[1,5,2],"tags":[],"class_list":["post-106","post","type-post","status-publish","format-standard","hentry","category-allgemein","category-faelle","category-pressemitteilung"],"yoast_head":"<!-- This site is optimized with the Yoast SEO plugin v27.5 - https:\/\/yoast.com\/product\/yoast-seo-wordpress\/ -->\n<title>Verfassungsbeschwerde gegen Stadionverbots-Urteil des BGH - Fanrechtefonds<\/title>\n<meta name=\"robots\" content=\"index, follow, max-snippet:-1, max-image-preview:large, max-video-preview:-1\" \/>\n<link rel=\"canonical\" href=\"https:\/\/fanrechtefonds.de\/blog\/2009\/12\/17\/verfassungsbeschwerde-gegen-stadionverbots-urteil-des-bgh\/\" \/>\n<meta property=\"og:locale\" content=\"de_DE\" \/>\n<meta property=\"og:type\" content=\"article\" \/>\n<meta property=\"og:title\" content=\"Verfassungsbeschwerde gegen Stadionverbots-Urteil des BGH - Fanrechtefonds\" \/>\n<meta property=\"og:description\" content=\"Mit Unterst\u00fctzung des Fanrechtefonds (www.fanrechtefonds.de) hat der betroffene FC Bayern-Fan Verfassungsbeschwerde gegen das BGH-Urteil vom 30.10.2009 eingelegt. Die Beschwerde hat der renommierten Stuttgarter Verfassungsrechts-Experte Rechtsanwalt Prof. Dr. R\u00fcdiger Zuck gefertigt und am 14.12.2009 beim Bundesverfassungsgericht in Karlsruhe eingereicht. Wir sind &hellip; Weiter\" \/>\n<meta property=\"og:url\" content=\"https:\/\/fanrechtefonds.de\/blog\/2009\/12\/17\/verfassungsbeschwerde-gegen-stadionverbots-urteil-des-bgh\/\" \/>\n<meta property=\"og:site_name\" content=\"Fanrechtefonds\" \/>\n<meta property=\"article:published_time\" content=\"2009-12-17T11:30:59+00:00\" \/>\n<meta property=\"article:modified_time\" content=\"2016-08-24T11:44:37+00:00\" \/>\n<meta property=\"og:image\" content=\"https:\/\/fanrechtefonds.de\/blog\/wp-content\/uploads\/2021\/04\/Logo_200x200.png\" \/>\n\t<meta property=\"og:image:width\" content=\"400\" \/>\n\t<meta property=\"og:image:height\" content=\"400\" \/>\n\t<meta property=\"og:image:type\" content=\"image\/png\" \/>\n<meta name=\"author\" content=\"frf_admin\" \/>\n<meta name=\"twitter:card\" content=\"summary_large_image\" \/>\n<meta name=\"twitter:label1\" content=\"Verfasst von\" \/>\n\t<meta name=\"twitter:data1\" content=\"frf_admin\" \/>\n\t<meta name=\"twitter:label2\" content=\"Gesch\u00e4tzte Lesezeit\" \/>\n\t<meta name=\"twitter:data2\" content=\"2\u00a0Minuten\" \/>\n<script type=\"application\/ld+json\" class=\"yoast-schema-graph\">{\"@context\":\"https:\\\/\\\/schema.org\",\"@graph\":[{\"@type\":\"Article\",\"@id\":\"https:\\\/\\\/fanrechtefonds.de\\\/blog\\\/2009\\\/12\\\/17\\\/verfassungsbeschwerde-gegen-stadionverbots-urteil-des-bgh\\\/#article\",\"isPartOf\":{\"@id\":\"https:\\\/\\\/fanrechtefonds.de\\\/blog\\\/2009\\\/12\\\/17\\\/verfassungsbeschwerde-gegen-stadionverbots-urteil-des-bgh\\\/\"},\"author\":{\"name\":\"frf_admin\",\"@id\":\"https:\\\/\\\/fanrechtefonds.de\\\/blog\\\/#\\\/schema\\\/person\\\/91b6657ceb27de14698a8730cfdf5463\"},\"headline\":\"Verfassungsbeschwerde gegen Stadionverbots-Urteil des BGH\",\"datePublished\":\"2009-12-17T11:30:59+00:00\",\"dateModified\":\"2016-08-24T11:44:37+00:00\",\"mainEntityOfPage\":{\"@id\":\"https:\\\/\\\/fanrechtefonds.de\\\/blog\\\/2009\\\/12\\\/17\\\/verfassungsbeschwerde-gegen-stadionverbots-urteil-des-bgh\\\/\"},\"wordCount\":338,\"articleSection\":{\"1\":\"F\u00e4lle\",\"2\":\"Pressemitteilung\"},\"inLanguage\":\"de\"},{\"@type\":\"WebPage\",\"@id\":\"https:\\\/\\\/fanrechtefonds.de\\\/blog\\\/2009\\\/12\\\/17\\\/verfassungsbeschwerde-gegen-stadionverbots-urteil-des-bgh\\\/\",\"url\":\"https:\\\/\\\/fanrechtefonds.de\\\/blog\\\/2009\\\/12\\\/17\\\/verfassungsbeschwerde-gegen-stadionverbots-urteil-des-bgh\\\/\",\"name\":\"Verfassungsbeschwerde gegen Stadionverbots-Urteil des BGH - Fanrechtefonds\",\"isPartOf\":{\"@id\":\"https:\\\/\\\/fanrechtefonds.de\\\/blog\\\/#website\"},\"datePublished\":\"2009-12-17T11:30:59+00:00\",\"dateModified\":\"2016-08-24T11:44:37+00:00\",\"author\":{\"@id\":\"https:\\\/\\\/fanrechtefonds.de\\\/blog\\\/#\\\/schema\\\/person\\\/91b6657ceb27de14698a8730cfdf5463\"},\"breadcrumb\":{\"@id\":\"https:\\\/\\\/fanrechtefonds.de\\\/blog\\\/2009\\\/12\\\/17\\\/verfassungsbeschwerde-gegen-stadionverbots-urteil-des-bgh\\\/#breadcrumb\"},\"inLanguage\":\"de\",\"potentialAction\":[{\"@type\":\"ReadAction\",\"target\":[\"https:\\\/\\\/fanrechtefonds.de\\\/blog\\\/2009\\\/12\\\/17\\\/verfassungsbeschwerde-gegen-stadionverbots-urteil-des-bgh\\\/\"]}]},{\"@type\":\"BreadcrumbList\",\"@id\":\"https:\\\/\\\/fanrechtefonds.de\\\/blog\\\/2009\\\/12\\\/17\\\/verfassungsbeschwerde-gegen-stadionverbots-urteil-des-bgh\\\/#breadcrumb\",\"itemListElement\":[{\"@type\":\"ListItem\",\"position\":1,\"name\":\"Startseite\",\"item\":\"https:\\\/\\\/fanrechtefonds.de\\\/blog\\\/\"},{\"@type\":\"ListItem\",\"position\":2,\"name\":\"Verfassungsbeschwerde gegen Stadionverbots-Urteil des BGH\"}]},{\"@type\":\"WebSite\",\"@id\":\"https:\\\/\\\/fanrechtefonds.de\\\/blog\\\/#website\",\"url\":\"https:\\\/\\\/fanrechtefonds.de\\\/blog\\\/\",\"name\":\"Fanrechtefonds\",\"description\":\"Fanrechtefonds\",\"potentialAction\":[{\"@type\":\"SearchAction\",\"target\":{\"@type\":\"EntryPoint\",\"urlTemplate\":\"https:\\\/\\\/fanrechtefonds.de\\\/blog\\\/?s={search_term_string}\"},\"query-input\":{\"@type\":\"PropertyValueSpecification\",\"valueRequired\":true,\"valueName\":\"search_term_string\"}}],\"inLanguage\":\"de\"},{\"@type\":\"Person\",\"@id\":\"https:\\\/\\\/fanrechtefonds.de\\\/blog\\\/#\\\/schema\\\/person\\\/91b6657ceb27de14698a8730cfdf5463\",\"name\":\"frf_admin\",\"url\":\"https:\\\/\\\/fanrechtefonds.de\\\/blog\\\/author\\\/frf_admin\\\/\"}]}<\/script>\n<!-- \/ Yoast SEO plugin. -->","yoast_head_json":{"title":"Verfassungsbeschwerde gegen Stadionverbots-Urteil des BGH - Fanrechtefonds","robots":{"index":"index","follow":"follow","max-snippet":"max-snippet:-1","max-image-preview":"max-image-preview:large","max-video-preview":"max-video-preview:-1"},"canonical":"https:\/\/fanrechtefonds.de\/blog\/2009\/12\/17\/verfassungsbeschwerde-gegen-stadionverbots-urteil-des-bgh\/","og_locale":"de_DE","og_type":"article","og_title":"Verfassungsbeschwerde gegen Stadionverbots-Urteil des BGH - Fanrechtefonds","og_description":"Mit Unterst\u00fctzung des Fanrechtefonds (www.fanrechtefonds.de) hat der betroffene FC Bayern-Fan Verfassungsbeschwerde gegen das BGH-Urteil vom 30.10.2009 eingelegt. Die Beschwerde hat der renommierten Stuttgarter Verfassungsrechts-Experte Rechtsanwalt Prof. Dr. R\u00fcdiger Zuck gefertigt und am 14.12.2009 beim Bundesverfassungsgericht in Karlsruhe eingereicht. Wir sind &hellip; Weiter","og_url":"https:\/\/fanrechtefonds.de\/blog\/2009\/12\/17\/verfassungsbeschwerde-gegen-stadionverbots-urteil-des-bgh\/","og_site_name":"Fanrechtefonds","article_published_time":"2009-12-17T11:30:59+00:00","article_modified_time":"2016-08-24T11:44:37+00:00","og_image":[{"width":400,"height":400,"url":"https:\/\/fanrechtefonds.de\/blog\/wp-content\/uploads\/2021\/04\/Logo_200x200.png","type":"image\/png"}],"author":"frf_admin","twitter_card":"summary_large_image","twitter_misc":{"Verfasst von":"frf_admin","Gesch\u00e4tzte Lesezeit":"2\u00a0Minuten"},"schema":{"@context":"https:\/\/schema.org","@graph":[{"@type":"Article","@id":"https:\/\/fanrechtefonds.de\/blog\/2009\/12\/17\/verfassungsbeschwerde-gegen-stadionverbots-urteil-des-bgh\/#article","isPartOf":{"@id":"https:\/\/fanrechtefonds.de\/blog\/2009\/12\/17\/verfassungsbeschwerde-gegen-stadionverbots-urteil-des-bgh\/"},"author":{"name":"frf_admin","@id":"https:\/\/fanrechtefonds.de\/blog\/#\/schema\/person\/91b6657ceb27de14698a8730cfdf5463"},"headline":"Verfassungsbeschwerde gegen Stadionverbots-Urteil des BGH","datePublished":"2009-12-17T11:30:59+00:00","dateModified":"2016-08-24T11:44:37+00:00","mainEntityOfPage":{"@id":"https:\/\/fanrechtefonds.de\/blog\/2009\/12\/17\/verfassungsbeschwerde-gegen-stadionverbots-urteil-des-bgh\/"},"wordCount":338,"articleSection":{"1":"F\u00e4lle","2":"Pressemitteilung"},"inLanguage":"de"},{"@type":"WebPage","@id":"https:\/\/fanrechtefonds.de\/blog\/2009\/12\/17\/verfassungsbeschwerde-gegen-stadionverbots-urteil-des-bgh\/","url":"https:\/\/fanrechtefonds.de\/blog\/2009\/12\/17\/verfassungsbeschwerde-gegen-stadionverbots-urteil-des-bgh\/","name":"Verfassungsbeschwerde gegen Stadionverbots-Urteil des BGH - Fanrechtefonds","isPartOf":{"@id":"https:\/\/fanrechtefonds.de\/blog\/#website"},"datePublished":"2009-12-17T11:30:59+00:00","dateModified":"2016-08-24T11:44:37+00:00","author":{"@id":"https:\/\/fanrechtefonds.de\/blog\/#\/schema\/person\/91b6657ceb27de14698a8730cfdf5463"},"breadcrumb":{"@id":"https:\/\/fanrechtefonds.de\/blog\/2009\/12\/17\/verfassungsbeschwerde-gegen-stadionverbots-urteil-des-bgh\/#breadcrumb"},"inLanguage":"de","potentialAction":[{"@type":"ReadAction","target":["https:\/\/fanrechtefonds.de\/blog\/2009\/12\/17\/verfassungsbeschwerde-gegen-stadionverbots-urteil-des-bgh\/"]}]},{"@type":"BreadcrumbList","@id":"https:\/\/fanrechtefonds.de\/blog\/2009\/12\/17\/verfassungsbeschwerde-gegen-stadionverbots-urteil-des-bgh\/#breadcrumb","itemListElement":[{"@type":"ListItem","position":1,"name":"Startseite","item":"https:\/\/fanrechtefonds.de\/blog\/"},{"@type":"ListItem","position":2,"name":"Verfassungsbeschwerde gegen Stadionverbots-Urteil des BGH"}]},{"@type":"WebSite","@id":"https:\/\/fanrechtefonds.de\/blog\/#website","url":"https:\/\/fanrechtefonds.de\/blog\/","name":"Fanrechtefonds","description":"Fanrechtefonds","potentialAction":[{"@type":"SearchAction","target":{"@type":"EntryPoint","urlTemplate":"https:\/\/fanrechtefonds.de\/blog\/?s={search_term_string}"},"query-input":{"@type":"PropertyValueSpecification","valueRequired":true,"valueName":"search_term_string"}}],"inLanguage":"de"},{"@type":"Person","@id":"https:\/\/fanrechtefonds.de\/blog\/#\/schema\/person\/91b6657ceb27de14698a8730cfdf5463","name":"frf_admin","url":"https:\/\/fanrechtefonds.de\/blog\/author\/frf_admin\/"}]}},"_links":{"self":[{"href":"https:\/\/fanrechtefonds.de\/blog\/wp-json\/wp\/v2\/posts\/106","targetHints":{"allow":["GET"]}}],"collection":[{"href":"https:\/\/fanrechtefonds.de\/blog\/wp-json\/wp\/v2\/posts"}],"about":[{"href":"https:\/\/fanrechtefonds.de\/blog\/wp-json\/wp\/v2\/types\/post"}],"author":[{"embeddable":true,"href":"https:\/\/fanrechtefonds.de\/blog\/wp-json\/wp\/v2\/users\/1"}],"replies":[{"embeddable":true,"href":"https:\/\/fanrechtefonds.de\/blog\/wp-json\/wp\/v2\/comments?post=106"}],"version-history":[{"count":1,"href":"https:\/\/fanrechtefonds.de\/blog\/wp-json\/wp\/v2\/posts\/106\/revisions"}],"predecessor-version":[{"id":107,"href":"https:\/\/fanrechtefonds.de\/blog\/wp-json\/wp\/v2\/posts\/106\/revisions\/107"}],"wp:attachment":[{"href":"https:\/\/fanrechtefonds.de\/blog\/wp-json\/wp\/v2\/media?parent=106"}],"wp:term":[{"taxonomy":"category","embeddable":true,"href":"https:\/\/fanrechtefonds.de\/blog\/wp-json\/wp\/v2\/categories?post=106"},{"taxonomy":"post_tag","embeddable":true,"href":"https:\/\/fanrechtefonds.de\/blog\/wp-json\/wp\/v2\/tags?post=106"}],"curies":[{"name":"wp","href":"https:\/\/api.w.org\/{rel}","templated":true}]}}