{"id":102,"date":"2009-10-30T12:30:36","date_gmt":"2009-10-30T11:30:36","guid":{"rendered":"http:\/\/fanrechtefonds.de\/blog\/?p=102"},"modified":"2016-08-24T13:41:27","modified_gmt":"2016-08-24T11:41:27","slug":"bundesgerichtshof-bestaetigt-ungerechtfertigte-stadionverbote-stadionverbot-auf-verdacht-rechtmaessig-fanrechtefonds-und-klaeger-beraten-ueber-verfassungsbeschwerde","status":"publish","type":"post","link":"https:\/\/fanrechtefonds.de\/blog\/2009\/10\/30\/bundesgerichtshof-bestaetigt-ungerechtfertigte-stadionverbote-stadionverbot-auf-verdacht-rechtmaessig-fanrechtefonds-und-klaeger-beraten-ueber-verfassungsbeschwerde\/","title":{"rendered":"Bundesgerichtshof best\u00e4tigt ungerechtfertigte Stadionverbote Stadionverbot auf Verdacht rechtm\u00e4\u00dfig \/ Fanrechtefonds und Kl\u00e4ger beraten \u00fcber Verfassungsbeschwerde"},"content":{"rendered":"<p>Der V. Zivilsenat des Bundesgerichtshofes (BGH) hat am Freitag die Rechtm\u00e4\u00dfigkeit von Stadionverboten auf Verdacht festgestellt und damit der Feststellungsklage eines Anh\u00e4ngers des FC Bayern M\u00fcnchen nicht entsprochen. Der Fanrechtefonds kritisiert das Urteil und ber\u00e4t mit dem Kl\u00e4ger \u00fcber den Schritt einer Verfassungsbeschwerde.<\/p>\n<p>Marco Noli, Anwalt des Fanrechtefonds dazu: \u201eWir hatten gehofft, dass der BGH f\u00fcr mehr Rechtssicherheit sorgt und ber\u00fccksichtigt, dass es ein Grundrecht auf Stadionbesuch gibt. Dies ist leider nicht geschehen. Vielmehr werden ganze Gruppen unter Generalverdacht gestellt. Das erinnert an Sippenhaft. Der BGH verlangt, dass der Betroffene selbst beweisen muss, dass er nichts gemacht hat. Wenn allein die Einleitung eines Ermittlungsverfahren durch die Polizei f\u00fcr ein vom Verein verh\u00e4ngtes und bundesweit g\u00fcltiges Stadionverbot gen\u00fcgen soll, dann gibt man praktisch der Polizei alleine die Macht \u00fcber ein eigentlich zivilrechtliches Stadionverbot. Der Polizist hat also die alleinige Entscheidungsgewalt \u00fcber ein zivilrechtliches Verh\u00e4ltnis zwischen Verein und Stadionbesucher. Wenn die polizeiliche Entscheidung nicht \u00fcberpr\u00fcft wird, sondern einfach nur hingenommen wird, ist somit der Willk\u00fcr T\u00fcr und Tor ge\u00f6ffnet.\u201c<\/p>\n<p>Der Fanrechtefonds kritisiert das Urteil des BGH, da dieser zwar das mittelbare Einwirken der Grundrechte erw\u00e4hnt und zur Ber\u00fccksichtigung selbiger mahnt, allerdings auch die willk\u00fcrliche Vergabe von Stadionverboten weiterhin erm\u00f6glicht. Allerdings sollte bei Polizei und Vereinen nun niemand meinen, k\u00fcnftig bei der Vergabe von Stadionverboten v\u00f6llige Narrenfreiheit zu haben. Der BGH hat best\u00e4tigt, dass Stadionverbote zwar grunds\u00e4tzlich auf dem Hausrecht der Vereine beruhen, dass das Hausrecht aber durch die Grundrechte der Betroffenen eingeschr\u00e4nkt wird. F\u00fcr ein Stadionverbot m\u00fcsse daher immer ein sachlicher Grund bestehen, die willk\u00fcrliche Ausschlie\u00dfung eines Zuschauers sei unzul\u00e4ssig.<\/p>\n<p>Ein &#8222;sachlicher Grund&#8220; f\u00fcr ein Stadionverbot liegt auch nach Auffassung des BGH noch nicht ohne weiteres in der Einleitung eines Ermittlungsverfahrens. Vielmehr muss laut BGH aufgrund &#8222;objektiver Tatsachen&#8220; eine k\u00fcnftige St\u00f6rung durch den Betroffenen zu bef\u00fcrchten sein. Ein Verein, der ein SV verh\u00e4ngen will, kann sich deshalb nicht allein auf die Einleitung eines Ermittlungsverfahrens berufen, sondern allenfalls auf die (vom Verein in Erfahrung zu bringenden) objektiven Tatsachen, die zur Einleitung des Verfahrens f\u00fchrten.<\/p>\n<p>Im vom BGH entschiedenen Fall hielt dieser das SV f\u00fcr gerechtfertigt, weil sich der Betroffene nicht zuf\u00e4llig in die Gruppe, aus der heraus Gewaltt\u00e4tigkeiten begangen wurden, hineingeraten war, sondern von Anfang an Teil dieser Gruppe gewesen sei. In einem solchen Fall sei nicht erforderlich, dass dem Betroffenen dann auch strafrechtlich eine Beteiligung an den aus &#8222;seiner&#8220; Gruppe heraus begangenen Gewaltt\u00e4tigkeiten nachgewiesen werden konnte.<\/p>\n<p>Die Abgrenzung, ob jemand &#8222;zu einer gewaltt\u00e4tigen Gruppe geh\u00f6rt&#8220; oder &#8222;nur zuf\u00e4llig zur falschen Zeit am falschen Ort&#8220; war, kann im Einzelfall sehr schwierig sein und darf nicht zu Sippenhaft f\u00fchren. Die Vereine werden deshalb in Zukunft noch st\u00e4rker als bisher gehalten sein, bei der Beurteilung von G\u00e4stefans die Fanbetreuung und\/oder das Fanprojekt des Bezugsvereins zu Rate zu ziehen &#8211; eine M\u00f6glichkeit, die der DFB bei der letzten Reform der Stadionverbots-Richtlinien \u00fcbrigens bewusst eingef\u00fchrt hat und von der nach der Vorstellung des DFB ohnehin h\u00e4ufiger Gebrauch gemacht werden sollte.<\/p>\n<p>Dennoch bleibt die Gefahr bestehen, dass Polizei und Staatsanwaltschaft auch k\u00fcnftig die strafrechtlichen Ermittlungen ohne abschlie\u00dfende Kl\u00e4rung des Vorfalls einstellen und stattdessen \u00fcber die Vereine langj\u00e4hrige Stadionverbote verh\u00e4ngen lassen. Dies ist zwar bequem f\u00fcr die Strafverfolgungsbeh\u00f6rden, hebelt aber rechtsstaatliche Sicherungen wie Unschuldsvermutung und den Anspruch auf effektiven Rechtsschutz der Betroffenen aus. Fanrechtefonds und Kl\u00e4ger erw\u00e4gen daher eine Verfassungsbeschwerde, damit das Bundesverfassungsgericht pr\u00fcfen kann, ob diese Etablierung eines Ersatz-Strafrechts auf Basis des privaten Hausrechts wirklich mit dem Grundgesetz vereinbar ist.<\/p>\n","protected":false},"excerpt":{"rendered":"<p>Der V. Zivilsenat des Bundesgerichtshofes (BGH) hat am Freitag die Rechtm\u00e4\u00dfigkeit von Stadionverboten auf Verdacht festgestellt und damit der Feststellungsklage eines Anh\u00e4ngers des FC Bayern M\u00fcnchen nicht entsprochen. Der Fanrechtefonds kritisiert das Urteil und ber\u00e4t mit dem Kl\u00e4ger \u00fcber den &hellip; <a href=\"https:\/\/fanrechtefonds.de\/blog\/2009\/10\/30\/bundesgerichtshof-bestaetigt-ungerechtfertigte-stadionverbote-stadionverbot-auf-verdacht-rechtmaessig-fanrechtefonds-und-klaeger-beraten-ueber-verfassungsbeschwerde\/\">Weiter<\/a><\/p>\n","protected":false},"author":1,"featured_media":0,"comment_status":"closed","ping_status":"closed","sticky":false,"template":"","format":"standard","meta":{"kt_blocks_editor_width":"","footnotes":""},"categories":[1,5,2],"tags":[],"class_list":["post-102","post","type-post","status-publish","format-standard","hentry","category-allgemein","category-faelle","category-pressemitteilung"],"yoast_head":"<!-- This site is optimized with the Yoast SEO plugin v27.5 - https:\/\/yoast.com\/product\/yoast-seo-wordpress\/ -->\n<title>Bundesgerichtshof best\u00e4tigt ungerechtfertigte Stadionverbote Stadionverbot auf Verdacht rechtm\u00e4\u00dfig \/ Fanrechtefonds und Kl\u00e4ger beraten \u00fcber Verfassungsbeschwerde - Fanrechtefonds<\/title>\n<meta name=\"robots\" content=\"index, follow, max-snippet:-1, max-image-preview:large, max-video-preview:-1\" \/>\n<link rel=\"canonical\" href=\"https:\/\/fanrechtefonds.de\/blog\/2009\/10\/30\/bundesgerichtshof-bestaetigt-ungerechtfertigte-stadionverbote-stadionverbot-auf-verdacht-rechtmaessig-fanrechtefonds-und-klaeger-beraten-ueber-verfassungsbeschwerde\/\" \/>\n<meta property=\"og:locale\" content=\"de_DE\" \/>\n<meta property=\"og:type\" content=\"article\" \/>\n<meta property=\"og:title\" content=\"Bundesgerichtshof best\u00e4tigt ungerechtfertigte Stadionverbote Stadionverbot auf Verdacht rechtm\u00e4\u00dfig \/ Fanrechtefonds und Kl\u00e4ger beraten \u00fcber Verfassungsbeschwerde - Fanrechtefonds\" \/>\n<meta property=\"og:description\" content=\"Der V. Zivilsenat des Bundesgerichtshofes (BGH) hat am Freitag die Rechtm\u00e4\u00dfigkeit von Stadionverboten auf Verdacht festgestellt und damit der Feststellungsklage eines Anh\u00e4ngers des FC Bayern M\u00fcnchen nicht entsprochen. Der Fanrechtefonds kritisiert das Urteil und ber\u00e4t mit dem Kl\u00e4ger \u00fcber den &hellip; Weiter\" \/>\n<meta property=\"og:url\" content=\"https:\/\/fanrechtefonds.de\/blog\/2009\/10\/30\/bundesgerichtshof-bestaetigt-ungerechtfertigte-stadionverbote-stadionverbot-auf-verdacht-rechtmaessig-fanrechtefonds-und-klaeger-beraten-ueber-verfassungsbeschwerde\/\" \/>\n<meta property=\"og:site_name\" content=\"Fanrechtefonds\" \/>\n<meta property=\"article:published_time\" content=\"2009-10-30T11:30:36+00:00\" \/>\n<meta property=\"article:modified_time\" content=\"2016-08-24T11:41:27+00:00\" \/>\n<meta property=\"og:image\" content=\"https:\/\/fanrechtefonds.de\/blog\/wp-content\/uploads\/2021\/04\/Logo_200x200.png\" \/>\n\t<meta property=\"og:image:width\" content=\"400\" \/>\n\t<meta property=\"og:image:height\" content=\"400\" \/>\n\t<meta property=\"og:image:type\" content=\"image\/png\" \/>\n<meta name=\"author\" content=\"frf_admin\" \/>\n<meta name=\"twitter:card\" content=\"summary_large_image\" \/>\n<meta name=\"twitter:label1\" content=\"Verfasst von\" \/>\n\t<meta name=\"twitter:data1\" content=\"frf_admin\" \/>\n\t<meta name=\"twitter:label2\" content=\"Gesch\u00e4tzte Lesezeit\" \/>\n\t<meta name=\"twitter:data2\" content=\"3\u00a0Minuten\" \/>\n<script type=\"application\/ld+json\" class=\"yoast-schema-graph\">{\"@context\":\"https:\\\/\\\/schema.org\",\"@graph\":[{\"@type\":\"Article\",\"@id\":\"https:\\\/\\\/fanrechtefonds.de\\\/blog\\\/2009\\\/10\\\/30\\\/bundesgerichtshof-bestaetigt-ungerechtfertigte-stadionverbote-stadionverbot-auf-verdacht-rechtmaessig-fanrechtefonds-und-klaeger-beraten-ueber-verfassungsbeschwerde\\\/#article\",\"isPartOf\":{\"@id\":\"https:\\\/\\\/fanrechtefonds.de\\\/blog\\\/2009\\\/10\\\/30\\\/bundesgerichtshof-bestaetigt-ungerechtfertigte-stadionverbote-stadionverbot-auf-verdacht-rechtmaessig-fanrechtefonds-und-klaeger-beraten-ueber-verfassungsbeschwerde\\\/\"},\"author\":{\"name\":\"frf_admin\",\"@id\":\"https:\\\/\\\/fanrechtefonds.de\\\/blog\\\/#\\\/schema\\\/person\\\/91b6657ceb27de14698a8730cfdf5463\"},\"headline\":\"Bundesgerichtshof best\u00e4tigt ungerechtfertigte Stadionverbote Stadionverbot auf Verdacht rechtm\u00e4\u00dfig \\\/ Fanrechtefonds und Kl\u00e4ger beraten \u00fcber Verfassungsbeschwerde\",\"datePublished\":\"2009-10-30T11:30:36+00:00\",\"dateModified\":\"2016-08-24T11:41:27+00:00\",\"mainEntityOfPage\":{\"@id\":\"https:\\\/\\\/fanrechtefonds.de\\\/blog\\\/2009\\\/10\\\/30\\\/bundesgerichtshof-bestaetigt-ungerechtfertigte-stadionverbote-stadionverbot-auf-verdacht-rechtmaessig-fanrechtefonds-und-klaeger-beraten-ueber-verfassungsbeschwerde\\\/\"},\"wordCount\":639,\"articleSection\":{\"1\":\"F\u00e4lle\",\"2\":\"Pressemitteilung\"},\"inLanguage\":\"de\"},{\"@type\":\"WebPage\",\"@id\":\"https:\\\/\\\/fanrechtefonds.de\\\/blog\\\/2009\\\/10\\\/30\\\/bundesgerichtshof-bestaetigt-ungerechtfertigte-stadionverbote-stadionverbot-auf-verdacht-rechtmaessig-fanrechtefonds-und-klaeger-beraten-ueber-verfassungsbeschwerde\\\/\",\"url\":\"https:\\\/\\\/fanrechtefonds.de\\\/blog\\\/2009\\\/10\\\/30\\\/bundesgerichtshof-bestaetigt-ungerechtfertigte-stadionverbote-stadionverbot-auf-verdacht-rechtmaessig-fanrechtefonds-und-klaeger-beraten-ueber-verfassungsbeschwerde\\\/\",\"name\":\"Bundesgerichtshof best\u00e4tigt ungerechtfertigte Stadionverbote Stadionverbot auf Verdacht rechtm\u00e4\u00dfig \\\/ Fanrechtefonds und Kl\u00e4ger beraten \u00fcber Verfassungsbeschwerde - Fanrechtefonds\",\"isPartOf\":{\"@id\":\"https:\\\/\\\/fanrechtefonds.de\\\/blog\\\/#website\"},\"datePublished\":\"2009-10-30T11:30:36+00:00\",\"dateModified\":\"2016-08-24T11:41:27+00:00\",\"author\":{\"@id\":\"https:\\\/\\\/fanrechtefonds.de\\\/blog\\\/#\\\/schema\\\/person\\\/91b6657ceb27de14698a8730cfdf5463\"},\"breadcrumb\":{\"@id\":\"https:\\\/\\\/fanrechtefonds.de\\\/blog\\\/2009\\\/10\\\/30\\\/bundesgerichtshof-bestaetigt-ungerechtfertigte-stadionverbote-stadionverbot-auf-verdacht-rechtmaessig-fanrechtefonds-und-klaeger-beraten-ueber-verfassungsbeschwerde\\\/#breadcrumb\"},\"inLanguage\":\"de\",\"potentialAction\":[{\"@type\":\"ReadAction\",\"target\":[\"https:\\\/\\\/fanrechtefonds.de\\\/blog\\\/2009\\\/10\\\/30\\\/bundesgerichtshof-bestaetigt-ungerechtfertigte-stadionverbote-stadionverbot-auf-verdacht-rechtmaessig-fanrechtefonds-und-klaeger-beraten-ueber-verfassungsbeschwerde\\\/\"]}]},{\"@type\":\"BreadcrumbList\",\"@id\":\"https:\\\/\\\/fanrechtefonds.de\\\/blog\\\/2009\\\/10\\\/30\\\/bundesgerichtshof-bestaetigt-ungerechtfertigte-stadionverbote-stadionverbot-auf-verdacht-rechtmaessig-fanrechtefonds-und-klaeger-beraten-ueber-verfassungsbeschwerde\\\/#breadcrumb\",\"itemListElement\":[{\"@type\":\"ListItem\",\"position\":1,\"name\":\"Startseite\",\"item\":\"https:\\\/\\\/fanrechtefonds.de\\\/blog\\\/\"},{\"@type\":\"ListItem\",\"position\":2,\"name\":\"Bundesgerichtshof best\u00e4tigt ungerechtfertigte Stadionverbote Stadionverbot auf Verdacht rechtm\u00e4\u00dfig \\\/ Fanrechtefonds und Kl\u00e4ger beraten \u00fcber Verfassungsbeschwerde\"}]},{\"@type\":\"WebSite\",\"@id\":\"https:\\\/\\\/fanrechtefonds.de\\\/blog\\\/#website\",\"url\":\"https:\\\/\\\/fanrechtefonds.de\\\/blog\\\/\",\"name\":\"Fanrechtefonds\",\"description\":\"Fanrechtefonds\",\"potentialAction\":[{\"@type\":\"SearchAction\",\"target\":{\"@type\":\"EntryPoint\",\"urlTemplate\":\"https:\\\/\\\/fanrechtefonds.de\\\/blog\\\/?s={search_term_string}\"},\"query-input\":{\"@type\":\"PropertyValueSpecification\",\"valueRequired\":true,\"valueName\":\"search_term_string\"}}],\"inLanguage\":\"de\"},{\"@type\":\"Person\",\"@id\":\"https:\\\/\\\/fanrechtefonds.de\\\/blog\\\/#\\\/schema\\\/person\\\/91b6657ceb27de14698a8730cfdf5463\",\"name\":\"frf_admin\",\"url\":\"https:\\\/\\\/fanrechtefonds.de\\\/blog\\\/author\\\/frf_admin\\\/\"}]}<\/script>\n<!-- \/ Yoast SEO plugin. -->","yoast_head_json":{"title":"Bundesgerichtshof best\u00e4tigt ungerechtfertigte Stadionverbote Stadionverbot auf Verdacht rechtm\u00e4\u00dfig \/ Fanrechtefonds und Kl\u00e4ger beraten \u00fcber Verfassungsbeschwerde - Fanrechtefonds","robots":{"index":"index","follow":"follow","max-snippet":"max-snippet:-1","max-image-preview":"max-image-preview:large","max-video-preview":"max-video-preview:-1"},"canonical":"https:\/\/fanrechtefonds.de\/blog\/2009\/10\/30\/bundesgerichtshof-bestaetigt-ungerechtfertigte-stadionverbote-stadionverbot-auf-verdacht-rechtmaessig-fanrechtefonds-und-klaeger-beraten-ueber-verfassungsbeschwerde\/","og_locale":"de_DE","og_type":"article","og_title":"Bundesgerichtshof best\u00e4tigt ungerechtfertigte Stadionverbote Stadionverbot auf Verdacht rechtm\u00e4\u00dfig \/ Fanrechtefonds und Kl\u00e4ger beraten \u00fcber Verfassungsbeschwerde - Fanrechtefonds","og_description":"Der V. Zivilsenat des Bundesgerichtshofes (BGH) hat am Freitag die Rechtm\u00e4\u00dfigkeit von Stadionverboten auf Verdacht festgestellt und damit der Feststellungsklage eines Anh\u00e4ngers des FC Bayern M\u00fcnchen nicht entsprochen. Der Fanrechtefonds kritisiert das Urteil und ber\u00e4t mit dem Kl\u00e4ger \u00fcber den &hellip; Weiter","og_url":"https:\/\/fanrechtefonds.de\/blog\/2009\/10\/30\/bundesgerichtshof-bestaetigt-ungerechtfertigte-stadionverbote-stadionverbot-auf-verdacht-rechtmaessig-fanrechtefonds-und-klaeger-beraten-ueber-verfassungsbeschwerde\/","og_site_name":"Fanrechtefonds","article_published_time":"2009-10-30T11:30:36+00:00","article_modified_time":"2016-08-24T11:41:27+00:00","og_image":[{"width":400,"height":400,"url":"https:\/\/fanrechtefonds.de\/blog\/wp-content\/uploads\/2021\/04\/Logo_200x200.png","type":"image\/png"}],"author":"frf_admin","twitter_card":"summary_large_image","twitter_misc":{"Verfasst von":"frf_admin","Gesch\u00e4tzte Lesezeit":"3\u00a0Minuten"},"schema":{"@context":"https:\/\/schema.org","@graph":[{"@type":"Article","@id":"https:\/\/fanrechtefonds.de\/blog\/2009\/10\/30\/bundesgerichtshof-bestaetigt-ungerechtfertigte-stadionverbote-stadionverbot-auf-verdacht-rechtmaessig-fanrechtefonds-und-klaeger-beraten-ueber-verfassungsbeschwerde\/#article","isPartOf":{"@id":"https:\/\/fanrechtefonds.de\/blog\/2009\/10\/30\/bundesgerichtshof-bestaetigt-ungerechtfertigte-stadionverbote-stadionverbot-auf-verdacht-rechtmaessig-fanrechtefonds-und-klaeger-beraten-ueber-verfassungsbeschwerde\/"},"author":{"name":"frf_admin","@id":"https:\/\/fanrechtefonds.de\/blog\/#\/schema\/person\/91b6657ceb27de14698a8730cfdf5463"},"headline":"Bundesgerichtshof best\u00e4tigt ungerechtfertigte Stadionverbote Stadionverbot auf Verdacht rechtm\u00e4\u00dfig \/ Fanrechtefonds und Kl\u00e4ger beraten \u00fcber Verfassungsbeschwerde","datePublished":"2009-10-30T11:30:36+00:00","dateModified":"2016-08-24T11:41:27+00:00","mainEntityOfPage":{"@id":"https:\/\/fanrechtefonds.de\/blog\/2009\/10\/30\/bundesgerichtshof-bestaetigt-ungerechtfertigte-stadionverbote-stadionverbot-auf-verdacht-rechtmaessig-fanrechtefonds-und-klaeger-beraten-ueber-verfassungsbeschwerde\/"},"wordCount":639,"articleSection":{"1":"F\u00e4lle","2":"Pressemitteilung"},"inLanguage":"de"},{"@type":"WebPage","@id":"https:\/\/fanrechtefonds.de\/blog\/2009\/10\/30\/bundesgerichtshof-bestaetigt-ungerechtfertigte-stadionverbote-stadionverbot-auf-verdacht-rechtmaessig-fanrechtefonds-und-klaeger-beraten-ueber-verfassungsbeschwerde\/","url":"https:\/\/fanrechtefonds.de\/blog\/2009\/10\/30\/bundesgerichtshof-bestaetigt-ungerechtfertigte-stadionverbote-stadionverbot-auf-verdacht-rechtmaessig-fanrechtefonds-und-klaeger-beraten-ueber-verfassungsbeschwerde\/","name":"Bundesgerichtshof best\u00e4tigt ungerechtfertigte Stadionverbote Stadionverbot auf Verdacht rechtm\u00e4\u00dfig \/ Fanrechtefonds und Kl\u00e4ger beraten \u00fcber Verfassungsbeschwerde - Fanrechtefonds","isPartOf":{"@id":"https:\/\/fanrechtefonds.de\/blog\/#website"},"datePublished":"2009-10-30T11:30:36+00:00","dateModified":"2016-08-24T11:41:27+00:00","author":{"@id":"https:\/\/fanrechtefonds.de\/blog\/#\/schema\/person\/91b6657ceb27de14698a8730cfdf5463"},"breadcrumb":{"@id":"https:\/\/fanrechtefonds.de\/blog\/2009\/10\/30\/bundesgerichtshof-bestaetigt-ungerechtfertigte-stadionverbote-stadionverbot-auf-verdacht-rechtmaessig-fanrechtefonds-und-klaeger-beraten-ueber-verfassungsbeschwerde\/#breadcrumb"},"inLanguage":"de","potentialAction":[{"@type":"ReadAction","target":["https:\/\/fanrechtefonds.de\/blog\/2009\/10\/30\/bundesgerichtshof-bestaetigt-ungerechtfertigte-stadionverbote-stadionverbot-auf-verdacht-rechtmaessig-fanrechtefonds-und-klaeger-beraten-ueber-verfassungsbeschwerde\/"]}]},{"@type":"BreadcrumbList","@id":"https:\/\/fanrechtefonds.de\/blog\/2009\/10\/30\/bundesgerichtshof-bestaetigt-ungerechtfertigte-stadionverbote-stadionverbot-auf-verdacht-rechtmaessig-fanrechtefonds-und-klaeger-beraten-ueber-verfassungsbeschwerde\/#breadcrumb","itemListElement":[{"@type":"ListItem","position":1,"name":"Startseite","item":"https:\/\/fanrechtefonds.de\/blog\/"},{"@type":"ListItem","position":2,"name":"Bundesgerichtshof best\u00e4tigt ungerechtfertigte Stadionverbote Stadionverbot auf Verdacht rechtm\u00e4\u00dfig \/ Fanrechtefonds und Kl\u00e4ger beraten \u00fcber Verfassungsbeschwerde"}]},{"@type":"WebSite","@id":"https:\/\/fanrechtefonds.de\/blog\/#website","url":"https:\/\/fanrechtefonds.de\/blog\/","name":"Fanrechtefonds","description":"Fanrechtefonds","potentialAction":[{"@type":"SearchAction","target":{"@type":"EntryPoint","urlTemplate":"https:\/\/fanrechtefonds.de\/blog\/?s={search_term_string}"},"query-input":{"@type":"PropertyValueSpecification","valueRequired":true,"valueName":"search_term_string"}}],"inLanguage":"de"},{"@type":"Person","@id":"https:\/\/fanrechtefonds.de\/blog\/#\/schema\/person\/91b6657ceb27de14698a8730cfdf5463","name":"frf_admin","url":"https:\/\/fanrechtefonds.de\/blog\/author\/frf_admin\/"}]}},"_links":{"self":[{"href":"https:\/\/fanrechtefonds.de\/blog\/wp-json\/wp\/v2\/posts\/102","targetHints":{"allow":["GET"]}}],"collection":[{"href":"https:\/\/fanrechtefonds.de\/blog\/wp-json\/wp\/v2\/posts"}],"about":[{"href":"https:\/\/fanrechtefonds.de\/blog\/wp-json\/wp\/v2\/types\/post"}],"author":[{"embeddable":true,"href":"https:\/\/fanrechtefonds.de\/blog\/wp-json\/wp\/v2\/users\/1"}],"replies":[{"embeddable":true,"href":"https:\/\/fanrechtefonds.de\/blog\/wp-json\/wp\/v2\/comments?post=102"}],"version-history":[{"count":1,"href":"https:\/\/fanrechtefonds.de\/blog\/wp-json\/wp\/v2\/posts\/102\/revisions"}],"predecessor-version":[{"id":103,"href":"https:\/\/fanrechtefonds.de\/blog\/wp-json\/wp\/v2\/posts\/102\/revisions\/103"}],"wp:attachment":[{"href":"https:\/\/fanrechtefonds.de\/blog\/wp-json\/wp\/v2\/media?parent=102"}],"wp:term":[{"taxonomy":"category","embeddable":true,"href":"https:\/\/fanrechtefonds.de\/blog\/wp-json\/wp\/v2\/categories?post=102"},{"taxonomy":"post_tag","embeddable":true,"href":"https:\/\/fanrechtefonds.de\/blog\/wp-json\/wp\/v2\/tags?post=102"}],"curies":[{"name":"wp","href":"https:\/\/api.w.org\/{rel}","templated":true}]}}